{"id":131273,"date":"2019-10-30T13:53:21","date_gmt":"2019-10-30T16:53:21","guid":{"rendered":"http:\/\/www.caririemacao.com\/1\/?p=131273"},"modified":"2019-10-30T13:53:21","modified_gmt":"2019-10-30T16:53:21","slug":"camara-de-caraubas-realizou-reuniao-nesta-terca-feira-29","status":"publish","type":"post","link":"https:\/\/www.caririemacao.com\/1\/2019\/10\/30\/camara-de-caraubas-realizou-reuniao-nesta-terca-feira-29\/","title":{"rendered":"C\u00e2mara de Cara\u00fabas realizou reuni\u00e3o nesta ter\u00e7a-feira (29)"},"content":{"rendered":"\n<p>O Poder Legislativo\ncaraubense se reuniu na noite desta ter\u00e7a-feira (29\/10) para a mais uma sess\u00e3o\nordin\u00e1ria. A reuni\u00e3o contou com a presen\u00e7a de sete dos nove vereadores, com\naus\u00eancia de In\u00e1cio de Nass\u00fa e de Bazoca.<\/p>\n\n\n\n<p>Durante a reuni\u00e3o, os\nvereadores foram convidados pelo presidente Nero para participar de reuni\u00e3o relacionada\na festa da comunidade de Barriguda dos Frades nesta sexta-feira, dia 01, 19h <\/p>\n\n\n\n<p>Ainda na reuni\u00e3o, foi\nenfatizado um evento que acontece nesta quarta-feira, dia 30 de outubro de\n2019, onde haver\u00e1 a solenidade da assinatura da Ordem de Servi\u00e7o de constru\u00e7\u00e3o\nde 08 (oito) campos de futebol nas comunidades de Distrito de Barreiras,\nCampos, Frades, Anjiquinho, Ponta de Serra, Salgadinho, Moreira e Curimat\u00e3es. <\/p>\n\n\n\n<p>Segundo a vereadora\nNeide, na ocasi\u00e3o, tamb\u00e9m haver\u00e1 o lan\u00e7amento das a\u00e7\u00f5es do Censo Demogr\u00e1fico\n2020, por parte do IBGE. Compare\u00e7a, participe deste momento hist\u00f3rico do\nmunic\u00edpio de Cara\u00fabas. Ser\u00e1 no pr\u00e9dio sede da C\u00e2mara Municipal de Vereadores.<\/p>\n\n\n\n<p>Por fim, o vereador\nRenivan destacou a aprova\u00e7\u00e3o de suas contas referentes ao ano de 2018.<\/p>\n","protected":false},"excerpt":{"rendered":"<p>O Poder Legislativo caraubense se reuniu na noite desta ter\u00e7a-feira (29\/10) para a mais uma sess\u00e3o ordin\u00e1ria. A reuni\u00e3o contou com a presen\u00e7a de sete&hellip; <\/p>\n","protected":false},"author":2,"featured_media":131274,"comment_status":"closed","ping_status":"closed","sticky":false,"template":"","format":"standard","meta":{"sfsi_plus_gutenberg_text_before_share":"","sfsi_plus_gutenberg_show_text_before_share":"","sfsi_plus_gutenberg_icon_type":"","sfsi_plus_gutenberg_icon_alignemt":"","sfsi_plus_gutenburg_max_per_row":"","footnotes":""},"categories":[50,11],"tags":[],"class_list":["post-131273","post","type-post","status-publish","format-standard","has-post-thumbnail","hentry","category-destaque","category-politica"],"_links":{"self":[{"href":"https:\/\/www.caririemacao.com\/1\/wp-json\/wp\/v2\/posts\/131273","targetHints":{"allow":["GET"]}}],"collection":[{"href":"https:\/\/www.caririemacao.com\/1\/wp-json\/wp\/v2\/posts"}],"about":[{"href":"https:\/\/www.caririemacao.com\/1\/wp-json\/wp\/v2\/types\/post"}],"author":[{"embeddable":true,"href":"https:\/\/www.caririemacao.com\/1\/wp-json\/wp\/v2\/users\/2"}],"replies":[{"embeddable":true,"href":"https:\/\/www.caririemacao.com\/1\/wp-json\/wp\/v2\/comments?post=131273"}],"version-history":[{"count":1,"href":"https:\/\/www.caririemacao.com\/1\/wp-json\/wp\/v2\/posts\/131273\/revisions"}],"predecessor-version":[{"id":131275,"href":"https:\/\/www.caririemacao.com\/1\/wp-json\/wp\/v2\/posts\/131273\/revisions\/131275"}],"wp:featuredmedia":[{"embeddable":true,"href":"https:\/\/www.caririemacao.com\/1\/wp-json\/wp\/v2\/media\/131274"}],"wp:attachment":[{"href":"https:\/\/www.caririemacao.com\/1\/wp-json\/wp\/v2\/media?parent=131273"}],"wp:term":[{"taxonomy":"category","embeddable":true,"href":"https:\/\/www.caririemacao.com\/1\/wp-json\/wp\/v2\/categories?post=131273"},{"taxonomy":"post_tag","embeddable":true,"href":"https:\/\/www.caririemacao.com\/1\/wp-json\/wp\/v2\/tags?post=131273"}],"curies":[{"name":"wp","href":"https:\/\/api.w.org\/{rel}","templated":true}]}}