{"id":131315,"date":"2019-10-30T15:17:19","date_gmt":"2019-10-30T18:17:19","guid":{"rendered":"http:\/\/www.caririemacao.com\/1\/?p=131315"},"modified":"2019-10-30T15:17:19","modified_gmt":"2019-10-30T18:17:19","slug":"nao-autorizei-nenhum-policial-nosso-ir-a-paraiba-cumprir-mandado-diz-comandante-da-pm-do-rn","status":"publish","type":"post","link":"https:\/\/www.caririemacao.com\/1\/2019\/10\/30\/nao-autorizei-nenhum-policial-nosso-ir-a-paraiba-cumprir-mandado-diz-comandante-da-pm-do-rn\/","title":{"rendered":"N\u00e3o autorizei nenhum policial nosso ir \u00e0 Para\u00edba cumprir mandado&#8221;, diz comandante da PM do RN"},"content":{"rendered":"\n<p>O comandante-geral da Pol\u00edcia Militar do Rio Grande do Norte, coronel Alarico Azevedo, afirmou que n\u00e3o teve conhecimento da opera\u00e7\u00e3o nem autorizou que policiais militares potiguares fossem \u00e0 Para\u00edba dar cumprimento a qualquer mandado de pris\u00e3o. A a\u00e7\u00e3o, realizada na tarde desta ter\u00e7a, 29, na zona rural de Tacima (PB), acabou em uma troca de tiros e na morte do PM paraibano Edmo Tavares, de 36 anos.&nbsp;<\/p>\n\n\n\n<p>\u201cComo eu n\u00e3o sabia, n\u00e3o autorizei nem comuniquei ao comandante-geral da PM da Para\u00edba que haveria uma opera\u00e7\u00e3o l\u00e1. Se eu soubesse, teria entrado em contato, como sempre fa\u00e7o, e a a\u00e7\u00e3o teria sido realizada em conjunto, como sempre deve ser\u201d, ressaltou Alarico durante coletiva de imprensa realizada nesta manh\u00e3.<\/p>\n\n\n\n<p><strong>O caso<\/strong><\/p>\n\n\n\n<p>Tr\u00eas policiais militares do Rio Grande do Norte \u2013 um subtenente, um sargento e um cabo \u2013 ir\u00e3o responder a inqu\u00e9ritos criminais, na esfera civil e militar, pela morte do policial militar paraibano Edmo Tavares. O PM da Para\u00edba morreu na tarde desta ter\u00e7a, 29, ap\u00f3s uma troca de tiros no distrito de Cachoeirinha, zona rural de Tacima (PB).<\/p>\n\n\n\n<p>Segundo A PM do RN, as armas dos tr\u00eas policiais militares foram apreendidas pela Pol\u00edcia Civil da Para\u00edba. Ap\u00f3s serem ouvidos em depoimento, eles foram liberados e j\u00e1 retornaram a Nova Cruz, na regi\u00e3o Agreste potiguar, onde s\u00e3o lotados.<\/p>\n\n\n\n<p>Os tr\u00eas tamb\u00e9m foram afastados de suas atividades de policiamento e, enquanto durar as investiga\u00e7\u00f5es, devem ficar atuando apenas administrativamente.<\/p>\n\n\n\n<p>Assessor de imprensa da PM do RN, o tenente-coronel Eduardo Franco revelou ao Agora RN que o subtenente, o sargento e o cabo relataram que foram \u00e0 Para\u00edba dar cumprimento a um mandado de pris\u00e3o contra um foragido da Justi\u00e7a. \u201cEles localizaram o alvo, o abordaram e o prenderam. Por\u00e9m, durante a a\u00e7\u00e3o, o policial paraibano, que estava em um carro pr\u00f3ximo, teria visto os tr\u00eas homens armados e achou que eles eram criminosos, uma vez que eles estavam \u00e0 paisana, descaracterizados\u201d, ressaltou.<\/p>\n\n\n\n<p>\u201cOs tr\u00eas disseram ainda que o policial paraibano atirou contra o grupo. Como o policial paraibano tamb\u00e9m n\u00e3o estava fardado, os tr\u00eas PMs atiraram de volta\u201d, acrescentou Eduardo Franco.<\/p>\n\n\n\n<p>Ainda de acordo com o oficial, o policial paraibano ainda tentou fugir e acabou batendo o carro. \u201cEle ainda foi socorrido ao hospital e teve a arma apreendida. Depois foi que descobrimos que se tratava de um policial militar\u201d, destacou Franco.<\/p>\n\n\n\n<p>Edmo era policial militar h\u00e1 10 anos e trabalhava no batalh\u00e3o do munic\u00edpio de Picu\u00ed, no interior da Para\u00edba.<\/p>\n","protected":false},"excerpt":{"rendered":"<p>O comandante-geral da Pol\u00edcia Militar do Rio Grande do Norte, coronel Alarico Azevedo, afirmou que n\u00e3o teve conhecimento da opera\u00e7\u00e3o nem autorizou que policiais militares&hellip; <\/p>\n","protected":false},"author":1,"featured_media":131316,"comment_status":"closed","ping_status":"closed","sticky":false,"template":"","format":"standard","meta":{"sfsi_plus_gutenberg_text_before_share":"","sfsi_plus_gutenberg_show_text_before_share":"","sfsi_plus_gutenberg_icon_type":"","sfsi_plus_gutenberg_icon_alignemt":"","sfsi_plus_gutenburg_max_per_row":"","footnotes":""},"categories":[2],"tags":[],"class_list":["post-131315","post","type-post","status-publish","format-standard","has-post-thumbnail","hentry","category-geral"],"_links":{"self":[{"href":"https:\/\/www.caririemacao.com\/1\/wp-json\/wp\/v2\/posts\/131315","targetHints":{"allow":["GET"]}}],"collection":[{"href":"https:\/\/www.caririemacao.com\/1\/wp-json\/wp\/v2\/posts"}],"about":[{"href":"https:\/\/www.caririemacao.com\/1\/wp-json\/wp\/v2\/types\/post"}],"author":[{"embeddable":true,"href":"https:\/\/www.caririemacao.com\/1\/wp-json\/wp\/v2\/users\/1"}],"replies":[{"embeddable":true,"href":"https:\/\/www.caririemacao.com\/1\/wp-json\/wp\/v2\/comments?post=131315"}],"version-history":[{"count":1,"href":"https:\/\/www.caririemacao.com\/1\/wp-json\/wp\/v2\/posts\/131315\/revisions"}],"predecessor-version":[{"id":131317,"href":"https:\/\/www.caririemacao.com\/1\/wp-json\/wp\/v2\/posts\/131315\/revisions\/131317"}],"wp:featuredmedia":[{"embeddable":true,"href":"https:\/\/www.caririemacao.com\/1\/wp-json\/wp\/v2\/media\/131316"}],"wp:attachment":[{"href":"https:\/\/www.caririemacao.com\/1\/wp-json\/wp\/v2\/media?parent=131315"}],"wp:term":[{"taxonomy":"category","embeddable":true,"href":"https:\/\/www.caririemacao.com\/1\/wp-json\/wp\/v2\/categories?post=131315"},{"taxonomy":"post_tag","embeddable":true,"href":"https:\/\/www.caririemacao.com\/1\/wp-json\/wp\/v2\/tags?post=131315"}],"curies":[{"name":"wp","href":"https:\/\/api.w.org\/{rel}","templated":true}]}}