{"id":131328,"date":"2019-10-30T15:39:57","date_gmt":"2019-10-30T18:39:57","guid":{"rendered":"http:\/\/www.caririemacao.com\/1\/?p=131328"},"modified":"2019-10-30T15:39:57","modified_gmt":"2019-10-30T18:39:57","slug":"stf-vai-investigar-assessor-de-bolsonaro-por-declaracao-sobre-video-das-hienas","status":"publish","type":"post","link":"https:\/\/www.caririemacao.com\/1\/2019\/10\/30\/stf-vai-investigar-assessor-de-bolsonaro-por-declaracao-sobre-video-das-hienas\/","title":{"rendered":"STF vai investigar assessor de Bolsonaro por declara\u00e7\u00e3o sobre v\u00eddeo das hienas"},"content":{"rendered":"\n<p>&nbsp;O STF (Supremo Tribunal Federal) vai abrir uma investiga\u00e7\u00e3o contra Filipe Martins, assessor internacional da Presid\u00eancia da Rep\u00fablica, no inqu\u00e9rito criado para apurar fake news e amea\u00e7as contra integrantes da corte. O motivo \u00e9 uma publica\u00e7\u00e3o em que ele defende a mensagem de um v\u00eddeo que comparou o tribunal a hienas.<br><\/p>\n\n\n\n<p>Jair Bolsonaro compartilhou na segunda-feira (28)&nbsp;<a href=\"https:\/\/www.clickpb.com.br\/brasil\/bolsonaro-compartilha-video-onde-e-comparado-leao-sendo-atacado-por-hienas-270834.html\">um material em que partidos pol\u00edticos, a imprensa e o STF s\u00e3o retratados como animais atacam um le\u00e3o, retratado como o pr\u00f3prio presidente<\/a>. Ele&nbsp;<a href=\"https:\/\/www.clickpb.com.br\/politica\/bolsonaro-admite-erro-em-video-com-hienas-pede-desculpas-e-promete-retratacao-270877.html\">apagou a publica\u00e7\u00e3o e pediu desculpas no dia seguinte<\/a>, mas Martins refor\u00e7ou seu conte\u00fado.<\/p>\n\n\n\n<p>&#8220;O establishment n\u00e3o gosta de se ver retratado, mas ele \u00e9 o que ele \u00e9: um punhado de hienas que ataca qualquer um que ameace o esquema de poder que lhe garante benef\u00edcios e privil\u00e9gios \u00e0s custas do povo brasileiro. Isso s\u00f3 mudar\u00e1 quando o Brasil se tornar uma na\u00e7\u00e3o de le\u00f5es&#8221;, escreveu o assessor no Twitter na ter\u00e7a (29).<\/p>\n\n\n\n<p>O Supremo discutiu o envio de um pedido de explica\u00e7\u00f5es para Bolsonaro com base no epis\u00f3dio, mas desistiu depois que o presidente se desculpou. Como Martins n\u00e3o fez o mesmo, ele ser\u00e1 investigado.<\/p>\n\n\n\n<p>&#8220;Me desculpo publicamente ao STF, a quem porventura ficou ofendido. Foi uma injusti\u00e7a, sim, corrigimos e vamos publicar uma mat\u00e9ria que leva para esse lado das desculpas. Erramos e haver\u00e1 retrata\u00e7\u00e3o&#8221;, disse Bolsonaro ao jornal O Estado de S. Paulo na ter\u00e7a (29).<\/p>\n\n\n\n<p>O chamado inqu\u00e9rito das fake news \u00e9 alvo de cr\u00edticas pesadas de apoiadores de Bolsonaro nas redes sociais. O vereador Carlos Bolsonaro (PSC-RJ), filho do presidente, escreveu em mar\u00e7o que medidas tomadas na investiga\u00e7\u00e3o se assemelhavam \u00e0s de uma ditadura.<\/p>\n\n\n\n<p>O caso tamb\u00e9m produziu controv\u00e9rsia por ter sido aberto no STF sem consulta e participa\u00e7\u00e3o do Minist\u00e9rio P\u00fablico. A ent\u00e3o procuradora-geral da Rep\u00fablica, Raquel Dodge, buscou arquivar a investiga\u00e7\u00e3o em diversas ocasi\u00f5es.<\/p>\n\n\n\n<p>O novo procurador-geral, entretanto, adotou comportamento diferente. Augusto Aras, indicado ao cargo em setembro por Bolsonaro, disse que n\u00e3o h\u00e1 inconstitucionalidade no inqu\u00e9rito.<\/p>\n\n\n\n<p>A AGU (Advocacia-Geral da Uni\u00e3o), que representa o governo, tamb\u00e9m tem dado pareceres favor\u00e1veis \u00e0 continuidade do inqu\u00e9rito, cuja constitucionalidade \u00e9 questionada em a\u00e7\u00f5es no pr\u00f3prio Supremo e na Justi\u00e7a Federal de primeiro grau em Bras\u00edlia.<\/p>\n\n\n\n<p>Martins tamb\u00e9m foi convocado para prestar esclarecimentos na CPMI (Comiss\u00e3o Parlamentar Mista de Inqu\u00e9rito) das fake news em funcionamento no Congresso.<\/p>\n\n\n\n<p>Al\u00e9m de Martins, tamb\u00e9m foram chamados o chefe da Secom (Secretaria Especial de Comunica\u00e7\u00e3o Social), Fabio Wajngarten, e assessores que comp\u00f5em um grupo batizado no Planalto de &#8220;gabinete da raiva&#8221; \u2013 Tercio Arnaud Tomaz, Jos\u00e9 Matheus Salles Gomes e Mateus Matos Diniz.<\/p>\n","protected":false},"excerpt":{"rendered":"<p>&nbsp;O STF (Supremo Tribunal Federal) vai abrir uma investiga\u00e7\u00e3o contra Filipe Martins, assessor internacional da Presid\u00eancia da Rep\u00fablica, no inqu\u00e9rito criado para apurar fake news&hellip; <\/p>\n","protected":false},"author":1,"featured_media":125647,"comment_status":"closed","ping_status":"closed","sticky":false,"template":"","format":"standard","meta":{"sfsi_plus_gutenberg_text_before_share":"","sfsi_plus_gutenberg_show_text_before_share":"","sfsi_plus_gutenberg_icon_type":"","sfsi_plus_gutenberg_icon_alignemt":"","sfsi_plus_gutenburg_max_per_row":"","footnotes":""},"categories":[2],"tags":[],"class_list":["post-131328","post","type-post","status-publish","format-standard","has-post-thumbnail","hentry","category-geral"],"_links":{"self":[{"href":"https:\/\/www.caririemacao.com\/1\/wp-json\/wp\/v2\/posts\/131328","targetHints":{"allow":["GET"]}}],"collection":[{"href":"https:\/\/www.caririemacao.com\/1\/wp-json\/wp\/v2\/posts"}],"about":[{"href":"https:\/\/www.caririemacao.com\/1\/wp-json\/wp\/v2\/types\/post"}],"author":[{"embeddable":true,"href":"https:\/\/www.caririemacao.com\/1\/wp-json\/wp\/v2\/users\/1"}],"replies":[{"embeddable":true,"href":"https:\/\/www.caririemacao.com\/1\/wp-json\/wp\/v2\/comments?post=131328"}],"version-history":[{"count":1,"href":"https:\/\/www.caririemacao.com\/1\/wp-json\/wp\/v2\/posts\/131328\/revisions"}],"predecessor-version":[{"id":131329,"href":"https:\/\/www.caririemacao.com\/1\/wp-json\/wp\/v2\/posts\/131328\/revisions\/131329"}],"wp:featuredmedia":[{"embeddable":true,"href":"https:\/\/www.caririemacao.com\/1\/wp-json\/wp\/v2\/media\/125647"}],"wp:attachment":[{"href":"https:\/\/www.caririemacao.com\/1\/wp-json\/wp\/v2\/media?parent=131328"}],"wp:term":[{"taxonomy":"category","embeddable":true,"href":"https:\/\/www.caririemacao.com\/1\/wp-json\/wp\/v2\/categories?post=131328"},{"taxonomy":"post_tag","embeddable":true,"href":"https:\/\/www.caririemacao.com\/1\/wp-json\/wp\/v2\/tags?post=131328"}],"curies":[{"name":"wp","href":"https:\/\/api.w.org\/{rel}","templated":true}]}}