{"id":131373,"date":"2019-10-30T15:59:46","date_gmt":"2019-10-30T18:59:46","guid":{"rendered":"http:\/\/www.caririemacao.com\/1\/?p=131373"},"modified":"2019-10-30T16:01:16","modified_gmt":"2019-10-30T19:01:16","slug":"bolsonaro-assina-acordos-e-diz-que-brasil-tem-mar-de-oportunidades-2","status":"publish","type":"post","link":"https:\/\/www.caririemacao.com\/1\/2019\/10\/30\/bolsonaro-assina-acordos-e-diz-que-brasil-tem-mar-de-oportunidades-2\/","title":{"rendered":"Bolsonaro assina acordos e diz que \u201cBrasil tem mar de oportunidades\u201d"},"content":{"rendered":"\n<p>No \u00faltimo dia de sua viagem \u00e0 \u00c1sia e ao Oriente M\u00e9dio, o presidente Jair Bolsonaro assinou hoje (30) acordos com a Ar\u00e1bia Saudita e disse que o Brasil tem \u201cum mar de oportunidades\u201d e muito a oferecer aos investidores. \u201cO Brasil est\u00e1 no caminho certo, hoje h\u00e1 uma independ\u00eancia de verdade entre os poderes Executivo e Legislativo, onde cada poder trabalha, mas voltado para o mesmo norte: o desenvolvimento do nosso pa\u00eds\u201d, disse durante participa\u00e7\u00e3o em um f\u00f3rum sobre investimentos futuros.\u201cO Brasil tem um mar de oportunidades. Acredito que nenhum pa\u00eds do mundo tem o que n\u00f3s temos, com toda a certeza, uma das melhores terras agricult\u00e1veis do mundo, que pode garantir aos senhores a seguran\u00e7a alimentar. No tocante \u00e0 carne tamb\u00e9m, temos um mercado enorme, cada vez mais nossas plantas frigor\u00edficas ganham certifica\u00e7\u00e3o internacional\u201d, disse, destacando ainda os juros e a infla\u00e7\u00e3o baixos, a queda do desemprego e do risco-Brasil e a aprova\u00e7\u00e3o da reforma da Previd\u00eancia, que \u201c\u00e9 o rem\u00e9dio que t\u00ednhamos que aplicar para que o Brasil sobrevivesse\u201d.Antes do evento, em Riad, Bolsonaro se reuniu com o Ceo do SoftBank Group, Masayoshi Son, e com o rei da Ar\u00e1bia Saudita, Salman Bin Abdulaziz Al Saud. Foram celebrados atos em v\u00e1rias \u00e1reas, entre elas defesa e servi\u00e7os militares; pesquisa industrial, desenvolvimento e tecnologia de defesa; coopera\u00e7\u00e3o cultural; e parcerias entre as entidades sauditas e a Ag\u00eancia Brasileira de Promo\u00e7\u00e3o de Exporta\u00e7\u00f5es e Investimentos (Apex-Brasil) e o Banco Nacional de Desenvolvimento Econ\u00f4mico e Social (BNDES).Tamb\u00e9m foi assinado acordo para a facilita\u00e7\u00e3o de vistos de viagem para cidad\u00e3os brasileiros e sauditas. Os vistos de visitas para os cidad\u00e3os dos dois pa\u00edses ser\u00e3o agora de m\u00faltiplas entradas, com prazo de validade de at\u00e9 cinco anos, para um per\u00edodo de estada de at\u00e9 90 dias.Na noite de ontem (29), Bolsonaro tamb\u00e9m participou de jantar com autoridades e investidores de diversos pa\u00edses e anunciou a parceria com o Fundo de Investimento P\u00fablico saudita (PIF), que pode resultar no&nbsp;<a href=\"http:\/\/agenciabrasil.ebc.com.br\/economia\/noticia\/2019-10\/brasil-e-arabia-saudita-fecham-parcerias-para-investimentos\">desenvolvimento de projeto<\/a>s de at\u00e9 US$ 10 bilh\u00f5es no Brasil.O presidente deixa hoje Riad, na Ar\u00e1bia Saudita. Ele esteve tamb\u00e9m no Jap\u00e3o, na China, nos Emirados \u00c1rabes e no Catar apresentando as reformas que o governo vem empreendendo na \u00e1rea econ\u00f4mica e as oportunidades de investimentos no pa\u00eds.<\/p>\n","protected":false},"excerpt":{"rendered":"<p>No \u00faltimo dia de sua viagem \u00e0 \u00c1sia e ao Oriente M\u00e9dio, o presidente Jair Bolsonaro assinou hoje (30) acordos com a Ar\u00e1bia Saudita e&hellip; <\/p>\n","protected":false},"author":1,"featured_media":130630,"comment_status":"closed","ping_status":"closed","sticky":false,"template":"","format":"standard","meta":{"sfsi_plus_gutenberg_text_before_share":"","sfsi_plus_gutenberg_show_text_before_share":"","sfsi_plus_gutenberg_icon_type":"","sfsi_plus_gutenberg_icon_alignemt":"","sfsi_plus_gutenburg_max_per_row":"","footnotes":""},"categories":[11],"tags":[],"class_list":["post-131373","post","type-post","status-publish","format-standard","has-post-thumbnail","hentry","category-politica"],"_links":{"self":[{"href":"https:\/\/www.caririemacao.com\/1\/wp-json\/wp\/v2\/posts\/131373","targetHints":{"allow":["GET"]}}],"collection":[{"href":"https:\/\/www.caririemacao.com\/1\/wp-json\/wp\/v2\/posts"}],"about":[{"href":"https:\/\/www.caririemacao.com\/1\/wp-json\/wp\/v2\/types\/post"}],"author":[{"embeddable":true,"href":"https:\/\/www.caririemacao.com\/1\/wp-json\/wp\/v2\/users\/1"}],"replies":[{"embeddable":true,"href":"https:\/\/www.caririemacao.com\/1\/wp-json\/wp\/v2\/comments?post=131373"}],"version-history":[{"count":1,"href":"https:\/\/www.caririemacao.com\/1\/wp-json\/wp\/v2\/posts\/131373\/revisions"}],"predecessor-version":[{"id":131376,"href":"https:\/\/www.caririemacao.com\/1\/wp-json\/wp\/v2\/posts\/131373\/revisions\/131376"}],"wp:featuredmedia":[{"embeddable":true,"href":"https:\/\/www.caririemacao.com\/1\/wp-json\/wp\/v2\/media\/130630"}],"wp:attachment":[{"href":"https:\/\/www.caririemacao.com\/1\/wp-json\/wp\/v2\/media?parent=131373"}],"wp:term":[{"taxonomy":"category","embeddable":true,"href":"https:\/\/www.caririemacao.com\/1\/wp-json\/wp\/v2\/categories?post=131373"},{"taxonomy":"post_tag","embeddable":true,"href":"https:\/\/www.caririemacao.com\/1\/wp-json\/wp\/v2\/tags?post=131373"}],"curies":[{"name":"wp","href":"https:\/\/api.w.org\/{rel}","templated":true}]}}