{"id":131399,"date":"2019-10-30T18:22:40","date_gmt":"2019-10-30T21:22:40","guid":{"rendered":"http:\/\/www.caririemacao.com\/1\/?p=131399"},"modified":"2019-10-30T18:22:40","modified_gmt":"2019-10-30T21:22:40","slug":"senadores-da-paraiba-nao-assinaram-carta-a-favor-da-prisao-na-segunda-instancia","status":"publish","type":"post","link":"https:\/\/www.caririemacao.com\/1\/2019\/10\/30\/senadores-da-paraiba-nao-assinaram-carta-a-favor-da-prisao-na-segunda-instancia\/","title":{"rendered":"Senadores da Para\u00edba n\u00e3o assinaram carta a favor da pris\u00e3o na segunda inst\u00e2ncia"},"content":{"rendered":"\n<p>Nenhum senador da Para\u00edba assinou a carta de Lasier Martins endere\u00e7ada ao presidente do Supremo Tribunal Federal (STF), ministro Dias T\u00f3ffoli. Foram coletadas 35 assinaturas de parlamentares de outros estados, como Major Ol\u00edmpio (PSL), Randolfe Rodrigues (Rede), Alvaro Dias (Podemos), e Rom\u00e1rio (Podemos).<\/p>\n\n\n\n<p>Todavia, a coleta de assinaturas ainda est\u00e1 em andamento. A carta foi publicada pelo site O Antagonista e ser\u00e1 entregue a Dias T\u00f3ffoli antes que seja encerrado o julgamento sobre a pris\u00e3o ap\u00f3s condena\u00e7\u00e3o em segunda inst\u00e2ncia, agendado para o dia 7 de novembro no STF.<\/p>\n\n\n\n<p><strong>Veja a lista com os 35 senadores que assinaram a carta de Lasier Martins, incluindo o pr\u00f3prio senador do Podemos<\/strong><\/p>\n\n\n\n<p>1. Lasier Martins (Podemos)<\/p>\n\n\n\n<p>2. Izalci Lucas (PSDB)<\/p>\n\n\n\n<p>3. Marcos Rog\u00e9rio (DEM)<\/p>\n\n\n\n<p>4. Zequinha Marinho (PSC)<\/p>\n\n\n\n<p>5. Esperidi\u00e3o Amin (PP)<\/p>\n\n\n\n<p>6. Lucas Barreto (PSD)<\/p>\n\n\n\n<p>7. Leila Barros (PSB)<\/p>\n\n\n\n<p>8. Arolde de Oliveira (PSD)<\/p>\n\n\n\n<p>9. Fabiano Contarato (Rede)<\/p>\n\n\n\n<p>10. Major Ol\u00edmpio (PSL)<\/p>\n\n\n\n<p>11. Randolfe Rodrigues (Rede)<\/p>\n\n\n\n<p>12. Rodrigo Cunha (PSDB)<\/p>\n\n\n\n<p>13. Jorginho Mello (PL)<\/p>\n\n\n\n<p>14. Jarbas Vasconcelos (MDB)<\/p>\n\n\n\n<p>15. Fl\u00e1vio Arns (Rede)<\/p>\n\n\n\n<p>16. Conf\u00facio Moura (MDB)<\/p>\n\n\n\n<p>17. Reguffe (Podemos)<\/p>\n\n\n\n<p>18. Carlos Viana (PSD)<\/p>\n\n\n\n<p>19. Soraya Thronicke (PSL)<\/p>\n\n\n\n<p>20. Eduardo Gir\u00e3o (Podemos)<\/p>\n\n\n\n<p>21. Oriovisto Guimar\u00e3es (Podemos)<\/p>\n\n\n\n<p>22. Alessandro Vieira (Cidadania)<\/p>\n\n\n\n<p>23. Eliziane Gama (Cidadania)<\/p>\n\n\n\n<p>24. Simone Tebet (MDB)<\/p>\n\n\n\n<p>25. Luis Carlos Heinze (PP)<\/p>\n\n\n\n<p>26. Pl\u00ednio Val\u00e9rio (PSDB)<\/p>\n\n\n\n<p>27. Alvaro Dias (Podemos)<\/p>\n\n\n\n<p>28. Mecias de Jesus (Republicanos)<\/p>\n\n\n\n<p>29. Styvenson Valentim (Podemos)<\/p>\n\n\n\n<p>30. Marcos do Val (Podemos)<\/p>\n\n\n\n<p>31. Rom\u00e1rio (Podemos)<\/p>\n\n\n\n<p>32. Ju\u00edza Selma (Podemos)<\/p>\n\n\n\n<p>33. Elmano F\u00e9rrer (Podemos)<\/p>\n\n\n\n<p>34. Jorge Kajuru (Cidadania)<\/p>\n\n\n\n<p>35. Mara Gabrilli (PSDB)<br><\/p>\n\n\n\n<p><strong>Confira a \u00edntegra da carta de Lasier Martins<\/strong><\/p>\n\n\n\n<p><em>\u201cExcelent\u00edssimo Senhor Ministro Jos\u00e9 Ant\u00f4nio Dias Toffoli<br>Presidente do Supremo Tribunal Federal<\/em><\/p>\n\n\n\n<p><em>A sociedade brasileira, no geral, e o Congresso Nacional, em particular, est\u00e3o acompanhando com grande apreens\u00e3o o julgamento em curso e a ser retomado na pr\u00f3xima semana, no Supremo Tribunal Federal (STF), de tr\u00eas a\u00e7\u00f5es declarat\u00f3rias de constitucionalidade (ADCs), protocoladas pela Ordem dos Advogados do Brasil (OAB) e pelos partidos PCdoB e Patriota, relatadas pelo ministro Marco Aur\u00e9lio. As referidas a\u00e7\u00f5es buscam impedir a pris\u00e3o ap\u00f3s condena\u00e7\u00e3o em segunda inst\u00e2ncia, deixando a senten\u00e7a sem execu\u00e7\u00e3o enquanto houver inst\u00e2ncias superiores a recorrer.<\/em><\/p>\n\n\n\n<p><em>Como \u00e9 sabido, o STF, desde 2016, adotou jurisprud\u00eancia que permite a pris\u00e3o de condenados ap\u00f3s julgamento em segunda inst\u00e2ncia. Tal entendimento tem sido fundamental para combater o sentimento de impunidade presente na sociedade. Por outro lado, sobram exemplos a comprovar que adiar a execu\u00e7\u00e3o da pena at\u00e9 que se esgotem todos recursos nos tribunais superiores \u00e9, na pr\u00e1tica, impedir a efetividade da tutela jurisdicional.<\/em><\/p>\n\n\n\n<p><em>Reiteramos, portanto, a argumenta\u00e7\u00e3o presente em outra carta p\u00fablica encaminhada por 20 senadores, em abril de 2018, \u00e0 sua antecessora, ministra C\u00e1rmen L\u00facia, entendendo ser crucial a manuten\u00e7\u00e3o do estatuto da pris\u00e3o em segunda inst\u00e2ncia, como j\u00e1 ocorre na esmagadora maioria dos pa\u00edses e como ocorreu no Brasil durante a maior parte de sua hist\u00f3ria republicana. Em nome da seguran\u00e7a jur\u00eddica, do respeito \u00e0 vontade popular e das melhores pr\u00e1ticas da Justi\u00e7a, vimos alertar para a gravidade dos fatos que podem se seguir ao julgamento em quest\u00e3o.<\/em><\/p>\n\n\n\n<p><em>Exigir tr\u00e2nsito em julgado ap\u00f3s terceiro ou quarto graus de jurisdi\u00e7\u00e3o para ent\u00e3o autorizar pris\u00e3o do condenado contraria a Constitui\u00e7\u00e3o e coloca em descr\u00e9dito a Justi\u00e7a brasileira perante a popula\u00e7\u00e3o e institui\u00e7\u00f5es nacionais e estrangeiras, a exemplo das preocupa\u00e7\u00f5es manifestadas por entidades como a Organiza\u00e7\u00e3o para a Coopera\u00e7\u00e3o e Desenvolvimento Econ\u00f4mico (OCDE). A lei deve valer para todos e, ap\u00f3s a segunda inst\u00e2ncia, n\u00e3o mais se discute a materialidade do fato, nem existe mais produ\u00e7\u00e3o de provas.<\/em><\/p>\n\n\n\n<p><em>O Parlamento brasileiro, dentro das suas compet\u00eancias, tem buscado solu\u00e7\u00f5es capazes de colocar um ponto final em tais controv\u00e9rsias. No caso em quest\u00e3o, foram apresentadas propostas de emenda \u00e0 Constitui\u00e7\u00e3o (PEC) capazes de tornar a constitucionalidade da pris\u00e3o a partir da segunda inst\u00e2ncia indubit\u00e1vel, tanto na C\u00e2mara dos Deputados (PEC 410\/2018) quanto no Senado Federal (PEC 5\/2019).<\/em><\/p>\n\n\n\n<p><em>N\u00f3s, senadores abaixo assinados, comungamos de posi\u00e7\u00f5es expressas em contr\u00e1rio \u00e0 mudan\u00e7a da jurisprud\u00eancia, como as da Procuradoria-Geral da Rep\u00fablica e de milhares de juristas, por entendermos que h\u00e1 grave e iminente risco da libera\u00e7\u00e3o em massa de in\u00fameros condenados por corrup\u00e7\u00e3o e por delitos violentos, em favor do descr\u00e9dito da Justi\u00e7a brasileira. Nossa inten\u00e7\u00e3o \u00e9 cooperar para evitar esse caos.\u201d<\/em><\/p>\n","protected":false},"excerpt":{"rendered":"<p>Nenhum senador da Para\u00edba assinou a carta de Lasier Martins endere\u00e7ada ao presidente do Supremo Tribunal Federal (STF), ministro Dias T\u00f3ffoli. Foram coletadas 35 assinaturas&hellip; <\/p>\n","protected":false},"author":1,"featured_media":123044,"comment_status":"closed","ping_status":"closed","sticky":false,"template":"","format":"standard","meta":{"sfsi_plus_gutenberg_text_before_share":"","sfsi_plus_gutenberg_show_text_before_share":"","sfsi_plus_gutenberg_icon_type":"","sfsi_plus_gutenberg_icon_alignemt":"","sfsi_plus_gutenburg_max_per_row":"","footnotes":""},"categories":[11],"tags":[],"class_list":["post-131399","post","type-post","status-publish","format-standard","has-post-thumbnail","hentry","category-politica"],"_links":{"self":[{"href":"https:\/\/www.caririemacao.com\/1\/wp-json\/wp\/v2\/posts\/131399","targetHints":{"allow":["GET"]}}],"collection":[{"href":"https:\/\/www.caririemacao.com\/1\/wp-json\/wp\/v2\/posts"}],"about":[{"href":"https:\/\/www.caririemacao.com\/1\/wp-json\/wp\/v2\/types\/post"}],"author":[{"embeddable":true,"href":"https:\/\/www.caririemacao.com\/1\/wp-json\/wp\/v2\/users\/1"}],"replies":[{"embeddable":true,"href":"https:\/\/www.caririemacao.com\/1\/wp-json\/wp\/v2\/comments?post=131399"}],"version-history":[{"count":1,"href":"https:\/\/www.caririemacao.com\/1\/wp-json\/wp\/v2\/posts\/131399\/revisions"}],"predecessor-version":[{"id":131400,"href":"https:\/\/www.caririemacao.com\/1\/wp-json\/wp\/v2\/posts\/131399\/revisions\/131400"}],"wp:featuredmedia":[{"embeddable":true,"href":"https:\/\/www.caririemacao.com\/1\/wp-json\/wp\/v2\/media\/123044"}],"wp:attachment":[{"href":"https:\/\/www.caririemacao.com\/1\/wp-json\/wp\/v2\/media?parent=131399"}],"wp:term":[{"taxonomy":"category","embeddable":true,"href":"https:\/\/www.caririemacao.com\/1\/wp-json\/wp\/v2\/categories?post=131399"},{"taxonomy":"post_tag","embeddable":true,"href":"https:\/\/www.caririemacao.com\/1\/wp-json\/wp\/v2\/tags?post=131399"}],"curies":[{"name":"wp","href":"https:\/\/api.w.org\/{rel}","templated":true}]}}