{"id":131402,"date":"2019-10-30T18:23:28","date_gmt":"2019-10-30T21:23:28","guid":{"rendered":"http:\/\/www.caririemacao.com\/1\/?p=131402"},"modified":"2019-10-30T18:23:28","modified_gmt":"2019-10-30T21:23:28","slug":"mestrado-em-engenharia-eletrica-do-ifpb-abre-inscricoes-para-area-de-eletromagnetismo-e-processamento","status":"publish","type":"post","link":"https:\/\/www.caririemacao.com\/1\/2019\/10\/30\/mestrado-em-engenharia-eletrica-do-ifpb-abre-inscricoes-para-area-de-eletromagnetismo-e-processamento\/","title":{"rendered":"Mestrado em Engenharia El\u00e9trica do IFPB abre inscri\u00e7\u00f5es para \u00e1rea de eletromagnetismo e processamento"},"content":{"rendered":"\n<p>O Programa de P\u00f3s-Gradua\u00e7\u00e3o em Engenharia El\u00e9trica (PPGE) do IFPB est\u00e1 com inscri\u00e7\u00f5es abertas para a sele\u00e7\u00e3o 2020.1 no curso de Mestrado. A p\u00f3s \u00e9 ministrada no Campus Jo\u00e3o Pessoa do Instituto Federal da Para\u00edba.&nbsp;Confira o Edital de sele\u00e7\u00e3o da Pr\u00f3-Reitoria de P\u00f3s-Gradua\u00e7\u00e3o e da Coordena\u00e7\u00e3o do PPGE e os anexos necess\u00e1rios&nbsp;<a href=\"https:\/\/www.ifpb.edu.br\/prpipg\/editais\/Ano%202019\/edital-ndeg-51-2019-pos-graduacao\">para a inscri\u00e7\u00e3o aqui<\/a><\/p>\n\n\n\n<p>As linhas de pesquisa do Mestrado s\u00e3o Eletromagnetismo Aplicado e Processamento de Sinais. Est\u00e3o sendo ofertadas 20 vagas, sendo 10 para cada linha, podendo esse n\u00famero ser ampliado. A inscri\u00e7\u00e3o \u00e9 gratuita e deve ser realizada at\u00e9 o dia 22 de novembro. H\u00e1 reserva de vagas segundo a legisla\u00e7\u00e3o de a\u00e7\u00f5es afirmativas.<\/p>\n\n\n\n<p>O candidato deve efetuar a inscri\u00e7\u00e3o via e-mail enviando um pdf com toda a documenta\u00e7\u00e3o exigida.&nbsp; Todo o curso no IFPB \u00e9 gratuito. A sele\u00e7\u00e3o ser\u00e1 feita com base nessa an\u00e1lise da documenta\u00e7\u00e3o curricular.<\/p>\n\n\n\n<p>A comiss\u00e3o de sele\u00e7\u00e3o espera divulgar a rela\u00e7\u00e3o de inscritos at\u00e9 o dia 27 de novembro. O resultado preliminar est\u00e1 previsto para ser divulgado at\u00e9 13 de dezembro. At\u00e9 20 de novembro, deve ser publicado o resultado final, ap\u00f3s a fase de recursos.<\/p>\n\n\n\n<p>Os aprovados devem realizar pr\u00e9-matr\u00edcula entre 27 e 31 de janeiro de 2020 e a matr\u00edcula entre 20 e 28 de fevereiro de 2020. As aulas est\u00e3o previstas, inicialmente, para a data de 2 de mar\u00e7o de 2020.&nbsp;<\/p>\n","protected":false},"excerpt":{"rendered":"<p>O Programa de P\u00f3s-Gradua\u00e7\u00e3o em Engenharia El\u00e9trica (PPGE) do IFPB est\u00e1 com inscri\u00e7\u00f5es abertas para a sele\u00e7\u00e3o 2020.1 no curso de Mestrado. A p\u00f3s \u00e9&hellip; <\/p>\n","protected":false},"author":1,"featured_media":131403,"comment_status":"closed","ping_status":"closed","sticky":false,"template":"","format":"standard","meta":{"sfsi_plus_gutenberg_text_before_share":"","sfsi_plus_gutenberg_show_text_before_share":"","sfsi_plus_gutenberg_icon_type":"","sfsi_plus_gutenberg_icon_alignemt":"","sfsi_plus_gutenburg_max_per_row":"","footnotes":""},"categories":[14],"tags":[],"class_list":["post-131402","post","type-post","status-publish","format-standard","has-post-thumbnail","hentry","category-educacao"],"_links":{"self":[{"href":"https:\/\/www.caririemacao.com\/1\/wp-json\/wp\/v2\/posts\/131402","targetHints":{"allow":["GET"]}}],"collection":[{"href":"https:\/\/www.caririemacao.com\/1\/wp-json\/wp\/v2\/posts"}],"about":[{"href":"https:\/\/www.caririemacao.com\/1\/wp-json\/wp\/v2\/types\/post"}],"author":[{"embeddable":true,"href":"https:\/\/www.caririemacao.com\/1\/wp-json\/wp\/v2\/users\/1"}],"replies":[{"embeddable":true,"href":"https:\/\/www.caririemacao.com\/1\/wp-json\/wp\/v2\/comments?post=131402"}],"version-history":[{"count":1,"href":"https:\/\/www.caririemacao.com\/1\/wp-json\/wp\/v2\/posts\/131402\/revisions"}],"predecessor-version":[{"id":131404,"href":"https:\/\/www.caririemacao.com\/1\/wp-json\/wp\/v2\/posts\/131402\/revisions\/131404"}],"wp:featuredmedia":[{"embeddable":true,"href":"https:\/\/www.caririemacao.com\/1\/wp-json\/wp\/v2\/media\/131403"}],"wp:attachment":[{"href":"https:\/\/www.caririemacao.com\/1\/wp-json\/wp\/v2\/media?parent=131402"}],"wp:term":[{"taxonomy":"category","embeddable":true,"href":"https:\/\/www.caririemacao.com\/1\/wp-json\/wp\/v2\/categories?post=131402"},{"taxonomy":"post_tag","embeddable":true,"href":"https:\/\/www.caririemacao.com\/1\/wp-json\/wp\/v2\/tags?post=131402"}],"curies":[{"name":"wp","href":"https:\/\/api.w.org\/{rel}","templated":true}]}}