{"id":131406,"date":"2019-10-30T18:24:21","date_gmt":"2019-10-30T21:24:21","guid":{"rendered":"http:\/\/www.caririemacao.com\/1\/?p=131406"},"modified":"2019-10-30T18:24:21","modified_gmt":"2019-10-30T21:24:21","slug":"prefeitura-de-camalau-mantem-compromisso-com-servidor-e-paga-salarios-em-dia-2","status":"publish","type":"post","link":"https:\/\/www.caririemacao.com\/1\/2019\/10\/30\/prefeitura-de-camalau-mantem-compromisso-com-servidor-e-paga-salarios-em-dia-2\/","title":{"rendered":"Prefeitura de Camala\u00fa mant\u00e9m compromisso com servidor e paga sal\u00e1rios em dia"},"content":{"rendered":"\n<p>A Prefeitura, atrav\u00e9s da secretaria de finan\u00e7as, anunciou, na manh\u00e3 desta quarta-feira (30), a libera\u00e7\u00e3o da folha salarial dos servidores municipais, referente ao m\u00eas de outubro.<br>O prefeito Sandro destaca que, mesmo em meio \u00e0 crise que assola os munic\u00edpios, sua gest\u00e3o se mant\u00e9m focada em iniciativas que garantam o equil\u00edbrio econ\u00f4mico e financeiro, sempre priorizando o pagamento em dia do funcionalismo p\u00fablico.\u201cMesmo num momento de intensa crise nacional, onde diversas prefeituras est\u00e3o com folha de pagamento atrasadas ou at\u00e9 mesmo demitindo, mais uma vez, cumprimos com nossas obriga\u00e7\u00f5es junto aos servidores. O sal\u00e1rio em dia, al\u00e9m de aquecer a economia local, \u00e9 uma demonstra\u00e7\u00e3o de valoriza\u00e7\u00e3o, onde os funcion\u00e1rios podem usufruir da compensa\u00e7\u00e3o de seu trabalho com tranquilidade, sabendo que tem dia certo pra receber\u201d, disse.<br>O secret\u00e1rio de finan\u00e7as, Marcos Montenegro, explica que n\u00e3o existe f\u00f3rmula m\u00e1gica para que a administra\u00e7\u00e3o atue na contram\u00e3o da crise, mas atrav\u00e9s de ajustes e um severo planejamento, tem sido poss\u00edvel manter o munic\u00edpio equilibrado. \u201cO prefeito Sandro M\u00f4co n\u00e3o tem poupado esfor\u00e7os para honrar com todos os compromissos, sendo o pagamento dos proventos dos colaboradores municipais, uma das prioridades\u201d, afirmou.<br><\/p>\n","protected":false},"excerpt":{"rendered":"<p>A Prefeitura, atrav\u00e9s da secretaria de finan\u00e7as, anunciou, na manh\u00e3 desta quarta-feira (30), a libera\u00e7\u00e3o da folha salarial dos servidores municipais, referente ao m\u00eas de&hellip; <\/p>\n","protected":false},"author":1,"featured_media":29623,"comment_status":"closed","ping_status":"closed","sticky":false,"template":"","format":"standard","meta":{"sfsi_plus_gutenberg_text_before_share":"","sfsi_plus_gutenberg_show_text_before_share":"","sfsi_plus_gutenberg_icon_type":"","sfsi_plus_gutenberg_icon_alignemt":"","sfsi_plus_gutenburg_max_per_row":"","footnotes":""},"categories":[6],"tags":[],"class_list":["post-131406","post","type-post","status-publish","format-standard","has-post-thumbnail","hentry","category-cidades"],"_links":{"self":[{"href":"https:\/\/www.caririemacao.com\/1\/wp-json\/wp\/v2\/posts\/131406","targetHints":{"allow":["GET"]}}],"collection":[{"href":"https:\/\/www.caririemacao.com\/1\/wp-json\/wp\/v2\/posts"}],"about":[{"href":"https:\/\/www.caririemacao.com\/1\/wp-json\/wp\/v2\/types\/post"}],"author":[{"embeddable":true,"href":"https:\/\/www.caririemacao.com\/1\/wp-json\/wp\/v2\/users\/1"}],"replies":[{"embeddable":true,"href":"https:\/\/www.caririemacao.com\/1\/wp-json\/wp\/v2\/comments?post=131406"}],"version-history":[{"count":1,"href":"https:\/\/www.caririemacao.com\/1\/wp-json\/wp\/v2\/posts\/131406\/revisions"}],"predecessor-version":[{"id":131407,"href":"https:\/\/www.caririemacao.com\/1\/wp-json\/wp\/v2\/posts\/131406\/revisions\/131407"}],"wp:featuredmedia":[{"embeddable":true,"href":"https:\/\/www.caririemacao.com\/1\/wp-json\/wp\/v2\/media\/29623"}],"wp:attachment":[{"href":"https:\/\/www.caririemacao.com\/1\/wp-json\/wp\/v2\/media?parent=131406"}],"wp:term":[{"taxonomy":"category","embeddable":true,"href":"https:\/\/www.caririemacao.com\/1\/wp-json\/wp\/v2\/categories?post=131406"},{"taxonomy":"post_tag","embeddable":true,"href":"https:\/\/www.caririemacao.com\/1\/wp-json\/wp\/v2\/tags?post=131406"}],"curies":[{"name":"wp","href":"https:\/\/api.w.org\/{rel}","templated":true}]}}