{"id":131413,"date":"2019-10-30T18:28:23","date_gmt":"2019-10-30T21:28:23","guid":{"rendered":"http:\/\/www.caririemacao.com\/1\/?p=131413"},"modified":"2019-10-30T18:28:23","modified_gmt":"2019-10-30T21:28:23","slug":"prefeitura-de-ss-do-umbuzeiro-prepara-terreno-para-plantio-de-palma-forrageira","status":"publish","type":"post","link":"https:\/\/www.caririemacao.com\/1\/2019\/10\/30\/prefeitura-de-ss-do-umbuzeiro-prepara-terreno-para-plantio-de-palma-forrageira\/","title":{"rendered":"Prefeitura de SS do Umbuzeiro prepara terreno para plantio de palma forrageira"},"content":{"rendered":"\n<figure class=\"wp-block-image is-resized\"><a href=\"https:\/\/1.bp.blogspot.com\/-hmWw47bhxHU\/XbnpvsV-J-I\/AAAAAAAAG0k\/YpyvhEFYCk86-L2DWxy2dd9G3ciaFO2VQCLcBGAsYHQ\/s1600\/1.jpg\"><img fetchpriority=\"high\" decoding=\"async\" src=\"https:\/\/1.bp.blogspot.com\/-hmWw47bhxHU\/XbnpvsV-J-I\/AAAAAAAAG0k\/YpyvhEFYCk86-L2DWxy2dd9G3ciaFO2VQCLcBGAsYHQ\/s320\/1.jpg\" alt=\"1\" width=\"612\" height=\"612\"\/><\/a><\/figure>\n\n\n\n<p>A Prefeitura Municipal de S\u00e3o Sebasti\u00e3o do Umbuzeiro, atrav\u00e9s da Secretaria da Agricultura com Apoio da EMPAER, preparou uma \u00e1rea de aproximadamente de 0,5 hectare para o plantio da palma forrageira.<br>O objetivo da a\u00e7\u00e3o \u00e9 de que com a doa\u00e7\u00e3o de raquetes, de diversas variedades dos agricultores do munic\u00edpio e institui\u00e7\u00f5es parceiras, possa vir a se criar uma sementeira para nos pr\u00f3ximos anos doar a novos agricultores s\u00e3osebastianenses.<br>As informa\u00e7\u00f5es foram repassadas pelo secret\u00e1rio de agricultura Di\u00eago Elesb\u00e3o, que agradeceu a determina\u00e7\u00e3o do prefeito Adriano Wolff para que esta importante a\u00e7\u00e3o fosse realizada.<br><strong>F\u00c1BIO BRITO<\/strong><\/p>\n","protected":false},"excerpt":{"rendered":"<p>A Prefeitura Municipal de S\u00e3o Sebasti\u00e3o do Umbuzeiro, atrav\u00e9s da Secretaria da Agricultura com Apoio da EMPAER, preparou uma \u00e1rea de aproximadamente de 0,5 hectare&hellip; <\/p>\n","protected":false},"author":1,"featured_media":84401,"comment_status":"closed","ping_status":"closed","sticky":false,"template":"","format":"standard","meta":{"sfsi_plus_gutenberg_text_before_share":"","sfsi_plus_gutenberg_show_text_before_share":"","sfsi_plus_gutenberg_icon_type":"","sfsi_plus_gutenberg_icon_alignemt":"","sfsi_plus_gutenburg_max_per_row":"","footnotes":""},"categories":[2],"tags":[],"class_list":["post-131413","post","type-post","status-publish","format-standard","has-post-thumbnail","hentry","category-geral"],"_links":{"self":[{"href":"https:\/\/www.caririemacao.com\/1\/wp-json\/wp\/v2\/posts\/131413","targetHints":{"allow":["GET"]}}],"collection":[{"href":"https:\/\/www.caririemacao.com\/1\/wp-json\/wp\/v2\/posts"}],"about":[{"href":"https:\/\/www.caririemacao.com\/1\/wp-json\/wp\/v2\/types\/post"}],"author":[{"embeddable":true,"href":"https:\/\/www.caririemacao.com\/1\/wp-json\/wp\/v2\/users\/1"}],"replies":[{"embeddable":true,"href":"https:\/\/www.caririemacao.com\/1\/wp-json\/wp\/v2\/comments?post=131413"}],"version-history":[{"count":1,"href":"https:\/\/www.caririemacao.com\/1\/wp-json\/wp\/v2\/posts\/131413\/revisions"}],"predecessor-version":[{"id":131415,"href":"https:\/\/www.caririemacao.com\/1\/wp-json\/wp\/v2\/posts\/131413\/revisions\/131415"}],"wp:featuredmedia":[{"embeddable":true,"href":"https:\/\/www.caririemacao.com\/1\/wp-json\/wp\/v2\/media\/84401"}],"wp:attachment":[{"href":"https:\/\/www.caririemacao.com\/1\/wp-json\/wp\/v2\/media?parent=131413"}],"wp:term":[{"taxonomy":"category","embeddable":true,"href":"https:\/\/www.caririemacao.com\/1\/wp-json\/wp\/v2\/categories?post=131413"},{"taxonomy":"post_tag","embeddable":true,"href":"https:\/\/www.caririemacao.com\/1\/wp-json\/wp\/v2\/tags?post=131413"}],"curies":[{"name":"wp","href":"https:\/\/api.w.org\/{rel}","templated":true}]}}