{"id":131422,"date":"2019-10-30T18:30:30","date_gmt":"2019-10-30T21:30:30","guid":{"rendered":"http:\/\/www.caririemacao.com\/1\/?p=131422"},"modified":"2019-10-30T18:30:30","modified_gmt":"2019-10-30T21:30:30","slug":"prefeitura-de-ouro-velho-realiza-mutirao-para-cadastramento-da-tarifa-social","status":"publish","type":"post","link":"https:\/\/www.caririemacao.com\/1\/2019\/10\/30\/prefeitura-de-ouro-velho-realiza-mutirao-para-cadastramento-da-tarifa-social\/","title":{"rendered":"Prefeitura de Ouro Velho realiza mutir\u00e3o para cadastramento da Tarifa Social"},"content":{"rendered":"\n<p>A Secretaria de Assist\u00eancia Social de Ouro Velho realizou, nesta ter\u00e7a-feira (29), uma a\u00e7\u00e3o relativa a Tarifa Social. as equipes da Assist\u00eancia estiveram no audit\u00f3rio do CRAS para realizar o cadastramento das pessoas que t\u00eam direito a Tarifa.<\/p>\n\n\n\n<p>A Tarifa Social \u00e9 um benef\u00edcio social criado pelo Governo Federal para beneficiar as fam\u00edlias de baixa renda. Consiste na redu\u00e7\u00e3o da tarifa de consumo de energia el\u00e9trica em at\u00e9 65%. Os clientes que se cadastram nesta modalidade, al\u00e9m de passarem a pagar uma tarifa especial, tamb\u00e9m ganham l\u00e2mpadas de LED, que s\u00e3o mais eficientes.<\/p>\n\n\n\n<p>A prefeita, Nat\u00e1lia de Dr J\u00fanior (PSD), falou sobre a parceria entre a prefeitura de Ouro Velho, e a Energisa.<\/p>\n\n\n\n<p>\u201cFazemos essa agenda positiva para Ouro Velho. O nosso objetivo \u00e9 realmente fazer um trabalho focado nas diversas \u00e1reas do munic\u00edpio e assegurar que a popula\u00e7\u00e3o tenha melhoria na qualidade de vida. Esta parceria firmada entre a prefeitura e a Energisa ir\u00e1 beneficiar v\u00e1rias fam\u00edlias de baixa renda na cidade.\u201d Frisou Nat\u00e1lia.<\/p>\n\n\n\n<p>Para a Secret\u00e1ria, Aline Lucena o momento foi de recompensa. Ao lembrar da assinatura do termo de compromisso para adequa\u00e7\u00e3o do Munic\u00edpio no programa de Tarifa Social, que concede descontos no pagamento da conta de energia el\u00e9trica. Aline, ratificou seu compromisso com as fam\u00edlias de baixa renda, argumentando que sua equipe continuar\u00e1 seguindo nos trilhos do fortalecimento da Assist\u00eancia Social.<\/p>\n","protected":false},"excerpt":{"rendered":"<p>A Secretaria de Assist\u00eancia Social de Ouro Velho realizou, nesta ter\u00e7a-feira (29), uma a\u00e7\u00e3o relativa a Tarifa Social. as equipes da Assist\u00eancia estiveram no audit\u00f3rio&hellip; <\/p>\n","protected":false},"author":1,"featured_media":131423,"comment_status":"closed","ping_status":"closed","sticky":false,"template":"","format":"standard","meta":{"sfsi_plus_gutenberg_text_before_share":"","sfsi_plus_gutenberg_show_text_before_share":"","sfsi_plus_gutenberg_icon_type":"","sfsi_plus_gutenberg_icon_alignemt":"","sfsi_plus_gutenburg_max_per_row":"","footnotes":""},"categories":[2],"tags":[],"class_list":["post-131422","post","type-post","status-publish","format-standard","has-post-thumbnail","hentry","category-geral"],"_links":{"self":[{"href":"https:\/\/www.caririemacao.com\/1\/wp-json\/wp\/v2\/posts\/131422","targetHints":{"allow":["GET"]}}],"collection":[{"href":"https:\/\/www.caririemacao.com\/1\/wp-json\/wp\/v2\/posts"}],"about":[{"href":"https:\/\/www.caririemacao.com\/1\/wp-json\/wp\/v2\/types\/post"}],"author":[{"embeddable":true,"href":"https:\/\/www.caririemacao.com\/1\/wp-json\/wp\/v2\/users\/1"}],"replies":[{"embeddable":true,"href":"https:\/\/www.caririemacao.com\/1\/wp-json\/wp\/v2\/comments?post=131422"}],"version-history":[{"count":1,"href":"https:\/\/www.caririemacao.com\/1\/wp-json\/wp\/v2\/posts\/131422\/revisions"}],"predecessor-version":[{"id":131424,"href":"https:\/\/www.caririemacao.com\/1\/wp-json\/wp\/v2\/posts\/131422\/revisions\/131424"}],"wp:featuredmedia":[{"embeddable":true,"href":"https:\/\/www.caririemacao.com\/1\/wp-json\/wp\/v2\/media\/131423"}],"wp:attachment":[{"href":"https:\/\/www.caririemacao.com\/1\/wp-json\/wp\/v2\/media?parent=131422"}],"wp:term":[{"taxonomy":"category","embeddable":true,"href":"https:\/\/www.caririemacao.com\/1\/wp-json\/wp\/v2\/categories?post=131422"},{"taxonomy":"post_tag","embeddable":true,"href":"https:\/\/www.caririemacao.com\/1\/wp-json\/wp\/v2\/tags?post=131422"}],"curies":[{"name":"wp","href":"https:\/\/api.w.org\/{rel}","templated":true}]}}