{"id":131427,"date":"2019-10-30T18:31:23","date_gmt":"2019-10-30T21:31:23","guid":{"rendered":"http:\/\/www.caririemacao.com\/1\/?p=131427"},"modified":"2019-10-30T18:31:23","modified_gmt":"2019-10-30T21:31:23","slug":"caso-marielle-procuradora-do-mp-diz-que-porteiro-mentiu-sobre-ida-de-suspeito-a-casa-de-bolsonaro","status":"publish","type":"post","link":"https:\/\/www.caririemacao.com\/1\/2019\/10\/30\/caso-marielle-procuradora-do-mp-diz-que-porteiro-mentiu-sobre-ida-de-suspeito-a-casa-de-bolsonaro\/","title":{"rendered":"Caso Marielle: Procuradora do MP diz que porteiro mentiu sobre ida de suspeito \u00e0 casa de Bolsonaro"},"content":{"rendered":"\n<p>A procuradora do Minist\u00e9rio P\u00fablico Simone Sibilio, chefe do Grupo de Atua\u00e7\u00e3o Especial no Combate ao Crime Organizado (GAECO), confirmou que o porteiro que envolveu o nome do presidente Jair Bolsonaro na morte da vereadora Marielle Franco mentiu em depoimento \u00e0 Pol\u00edcia Civil. De acordo com Simone, quem autorizou a entrada de \u00c9lcio de Queiroz no condom\u00ednio do presidente \u00e9 Ronnie Lessa, suspeito de ter feito os disparos.<\/p>\n\n\n\n<p>Mais cedo, um investigador relatou a suspeita da mentira \u00e0 VEJA. Foram prestados dois depoimentos. No primeiro, o porteiro disse que ligou para casa de Bolsonaro. No segundo, confrontado com o \u00e1udio de sua conversa, manteve a vers\u00e3o, mas deixou d\u00favidas nas investiga\u00e7\u00f5es em rela\u00e7\u00e3o \u00e0 veracidade das informa\u00e7\u00f5es prestadas.<\/p>\n\n\n\n<p>\u201cAs grava\u00e7\u00f5es comprovam que Ronnie Lessa \u00e9 quem autoriza a entrada do \u00c9lcio. E, em depoimento, eles omitiram diversas vezes que estiveram juntos no dia do crime. O porteiro mentiu, e isso est\u00e1 provado por prova t\u00e9cnica\u201d, afirmou Simone.<\/p>\n\n\n\n<p><em>Com Revista Veja<\/em><\/p>\n","protected":false},"excerpt":{"rendered":"<p>A procuradora do Minist\u00e9rio P\u00fablico Simone Sibilio, chefe do Grupo de Atua\u00e7\u00e3o Especial no Combate ao Crime Organizado (GAECO), confirmou que o porteiro que envolveu&hellip; <\/p>\n","protected":false},"author":1,"featured_media":131428,"comment_status":"closed","ping_status":"closed","sticky":false,"template":"","format":"standard","meta":{"sfsi_plus_gutenberg_text_before_share":"","sfsi_plus_gutenberg_show_text_before_share":"","sfsi_plus_gutenberg_icon_type":"","sfsi_plus_gutenberg_icon_alignemt":"","sfsi_plus_gutenburg_max_per_row":"","footnotes":""},"categories":[11],"tags":[],"class_list":["post-131427","post","type-post","status-publish","format-standard","has-post-thumbnail","hentry","category-politica"],"_links":{"self":[{"href":"https:\/\/www.caririemacao.com\/1\/wp-json\/wp\/v2\/posts\/131427","targetHints":{"allow":["GET"]}}],"collection":[{"href":"https:\/\/www.caririemacao.com\/1\/wp-json\/wp\/v2\/posts"}],"about":[{"href":"https:\/\/www.caririemacao.com\/1\/wp-json\/wp\/v2\/types\/post"}],"author":[{"embeddable":true,"href":"https:\/\/www.caririemacao.com\/1\/wp-json\/wp\/v2\/users\/1"}],"replies":[{"embeddable":true,"href":"https:\/\/www.caririemacao.com\/1\/wp-json\/wp\/v2\/comments?post=131427"}],"version-history":[{"count":1,"href":"https:\/\/www.caririemacao.com\/1\/wp-json\/wp\/v2\/posts\/131427\/revisions"}],"predecessor-version":[{"id":131429,"href":"https:\/\/www.caririemacao.com\/1\/wp-json\/wp\/v2\/posts\/131427\/revisions\/131429"}],"wp:featuredmedia":[{"embeddable":true,"href":"https:\/\/www.caririemacao.com\/1\/wp-json\/wp\/v2\/media\/131428"}],"wp:attachment":[{"href":"https:\/\/www.caririemacao.com\/1\/wp-json\/wp\/v2\/media?parent=131427"}],"wp:term":[{"taxonomy":"category","embeddable":true,"href":"https:\/\/www.caririemacao.com\/1\/wp-json\/wp\/v2\/categories?post=131427"},{"taxonomy":"post_tag","embeddable":true,"href":"https:\/\/www.caririemacao.com\/1\/wp-json\/wp\/v2\/tags?post=131427"}],"curies":[{"name":"wp","href":"https:\/\/api.w.org\/{rel}","templated":true}]}}