{"id":131431,"date":"2019-10-30T23:18:16","date_gmt":"2019-10-31T02:18:16","guid":{"rendered":"http:\/\/www.caririemacao.com\/1\/?p=131431"},"modified":"2019-10-30T23:18:48","modified_gmt":"2019-10-31T02:18:48","slug":"camara-de-sume-realiza-reuniao-e-vereador-apresenta-pedido-de-licenca-para-assumir-secretaria","status":"publish","type":"post","link":"https:\/\/www.caririemacao.com\/1\/2019\/10\/30\/camara-de-sume-realiza-reuniao-e-vereador-apresenta-pedido-de-licenca-para-assumir-secretaria\/","title":{"rendered":"C\u00e2mara de Sum\u00e9 realiza reuni\u00e3o e vereador apresenta pedido de licen\u00e7a para assumir secretaria"},"content":{"rendered":"\n<p>Na noite desta ter\u00e7a-feira (29), aconteceu a reuni\u00e3o da C\u00e2mara de Vereadores de Sum\u00e9 que contou com a presen\u00e7a dos vereadores e lideran\u00e7as do movimento contra a privatiza\u00e7\u00e3o dos Correios.<\/p>\n\n\n\n<figure class=\"wp-block-image\"><img fetchpriority=\"high\" decoding=\"async\" width=\"960\" height=\"784\" src=\"http:\/\/www.caririemacao.com\/1\/wp-content\/uploads\/2019\/10\/76686359_1585546078253593_793446919618691072_n.jpg\" alt=\"\" class=\"wp-image-131435\" srcset=\"https:\/\/www.caririemacao.com\/1\/wp-content\/uploads\/2019\/10\/76686359_1585546078253593_793446919618691072_n.jpg 960w, https:\/\/www.caririemacao.com\/1\/wp-content\/uploads\/2019\/10\/76686359_1585546078253593_793446919618691072_n-300x245.jpg 300w, https:\/\/www.caririemacao.com\/1\/wp-content\/uploads\/2019\/10\/76686359_1585546078253593_793446919618691072_n-768x627.jpg 768w\" sizes=\"(max-width: 960px) 100vw, 960px\" \/><\/figure>\n\n\n\n<p>Na reuni\u00e3o, foi lido um pedido de licen\u00e7a do Legislativo sumeense apresentado pelo vereador\u00a0Bonilson Timoteo, que vai assumir a Secretaria de Administra\u00e7\u00e3o no Governo \u00c9den Duarte. No lugar do vereador Bonilson assume o suplente Fl\u00e1vio Paulino.<\/p>\n\n\n\n<p>Os vereadores tamb\u00e9m aprovaram o Projeto de Resolu\u00e7\u00e3o n\u00ba\n81\/2019 de autoria do vereador Bonilson Timot\u00e9o que concede o t\u00edtulo de cidad\u00e3o\nsumeense a senhora Maria do Socorro Lemos Mayer.<\/p>\n\n\n\n<p>Foi aprovado ainda de autoria do vereador Bonilson o Projeto\nde Lei n\u00ba 550\/2019 que denomina de Rua Regina Claudino da Silva a antiga Rua\nProjetada 13, Loteamento Paix\u00e3o, Bairro Alvorada.<\/p>\n\n\n\n<p>Em seguida, os vereadores aprovaram uma mo\u00e7\u00e3o de apoio com preocupa\u00e7\u00e3o com a pretendida privatiza\u00e7\u00e3o da empresa Brasileira de Correios e Tel\u00e9grafos de autoria do vereador Jos\u00e9 Ant\u00f4nio e subscrita pelos vereadores Ant\u00f4nio Carlos, Bonilson Timot\u00e9o, Daniel L\u00eala, Nilson Brito, Sabugo, Branco Xiliu e Br\u00edgida Xavier.<\/p>\n\n\n\n<figure class=\"wp-block-image\"><img decoding=\"async\" width=\"960\" height=\"379\" data-src=\"http:\/\/www.caririemacao.com\/1\/wp-content\/uploads\/2019\/10\/74218572_1585548411586693_6563489062341050368_n-1.jpg\" alt=\"\" class=\"wp-image-131433 lazyload\" data-srcset=\"https:\/\/www.caririemacao.com\/1\/wp-content\/uploads\/2019\/10\/74218572_1585548411586693_6563489062341050368_n-1.jpg 960w, https:\/\/www.caririemacao.com\/1\/wp-content\/uploads\/2019\/10\/74218572_1585548411586693_6563489062341050368_n-1-300x118.jpg 300w, https:\/\/www.caririemacao.com\/1\/wp-content\/uploads\/2019\/10\/74218572_1585548411586693_6563489062341050368_n-1-768x303.jpg 768w\" data-sizes=\"(max-width: 960px) 100vw, 960px\" src=\"data:image\/svg+xml;base64,PHN2ZyB3aWR0aD0iMSIgaGVpZ2h0PSIxIiB4bWxucz0iaHR0cDovL3d3dy53My5vcmcvMjAwMC9zdmciPjwvc3ZnPg==\" style=\"--smush-placeholder-width: 960px; --smush-placeholder-aspect-ratio: 960\/379;\" \/><\/figure>\n\n\n\n<p>Ap\u00f3s o fim da reuni\u00e3o, aconteceu uma audi\u00eancia p\u00fablica com representantes do sindicato dos servidores dos Correios, para discutir a possibilidade de privatiza\u00e7\u00e3o da institui\u00e7\u00e3o.<\/p>\n\n\n\n<p>Com Ascom<\/p>\n","protected":false},"excerpt":{"rendered":"<p>Na noite desta ter\u00e7a-feira (29), aconteceu a reuni\u00e3o da C\u00e2mara de Vereadores de Sum\u00e9 que contou com a presen\u00e7a dos vereadores e lideran\u00e7as do movimento&hellip; <\/p>\n","protected":false},"author":2,"featured_media":131432,"comment_status":"closed","ping_status":"closed","sticky":false,"template":"","format":"standard","meta":{"sfsi_plus_gutenberg_text_before_share":"","sfsi_plus_gutenberg_show_text_before_share":"","sfsi_plus_gutenberg_icon_type":"","sfsi_plus_gutenberg_icon_alignemt":"","sfsi_plus_gutenburg_max_per_row":"","footnotes":""},"categories":[50,2],"tags":[],"class_list":["post-131431","post","type-post","status-publish","format-standard","has-post-thumbnail","hentry","category-destaque","category-geral"],"_links":{"self":[{"href":"https:\/\/www.caririemacao.com\/1\/wp-json\/wp\/v2\/posts\/131431","targetHints":{"allow":["GET"]}}],"collection":[{"href":"https:\/\/www.caririemacao.com\/1\/wp-json\/wp\/v2\/posts"}],"about":[{"href":"https:\/\/www.caririemacao.com\/1\/wp-json\/wp\/v2\/types\/post"}],"author":[{"embeddable":true,"href":"https:\/\/www.caririemacao.com\/1\/wp-json\/wp\/v2\/users\/2"}],"replies":[{"embeddable":true,"href":"https:\/\/www.caririemacao.com\/1\/wp-json\/wp\/v2\/comments?post=131431"}],"version-history":[{"count":2,"href":"https:\/\/www.caririemacao.com\/1\/wp-json\/wp\/v2\/posts\/131431\/revisions"}],"predecessor-version":[{"id":131436,"href":"https:\/\/www.caririemacao.com\/1\/wp-json\/wp\/v2\/posts\/131431\/revisions\/131436"}],"wp:featuredmedia":[{"embeddable":true,"href":"https:\/\/www.caririemacao.com\/1\/wp-json\/wp\/v2\/media\/131432"}],"wp:attachment":[{"href":"https:\/\/www.caririemacao.com\/1\/wp-json\/wp\/v2\/media?parent=131431"}],"wp:term":[{"taxonomy":"category","embeddable":true,"href":"https:\/\/www.caririemacao.com\/1\/wp-json\/wp\/v2\/categories?post=131431"},{"taxonomy":"post_tag","embeddable":true,"href":"https:\/\/www.caririemacao.com\/1\/wp-json\/wp\/v2\/tags?post=131431"}],"curies":[{"name":"wp","href":"https:\/\/api.w.org\/{rel}","templated":true}]}}