{"id":131437,"date":"2019-10-30T23:35:33","date_gmt":"2019-10-31T02:35:33","guid":{"rendered":"http:\/\/www.caririemacao.com\/1\/?p=131437"},"modified":"2019-10-30T23:35:44","modified_gmt":"2019-10-31T02:35:44","slug":"tce-aprova-contas-do-ex-presidente-da-camara-de-vereadores-de-caraubas","status":"publish","type":"post","link":"https:\/\/www.caririemacao.com\/1\/2019\/10\/30\/tce-aprova-contas-do-ex-presidente-da-camara-de-vereadores-de-caraubas\/","title":{"rendered":"TCE aprova contas do ex-presidente da C\u00e2mara de Vereadores de Cara\u00fabas"},"content":{"rendered":"\n<p>O Tribunal de Contas do Estado aprovou as contas do\nex-presidente da C\u00e2mara de Vereadores de Cara\u00fabas, vereador Renivan Neves,\nreferentes ao ano de 2018.<\/p>\n\n\n\n<p>O vereador Renivan Neves esteve no comando do Legislativo sumeense no bi\u00eanio 2017-2018.  Na tribuna da C\u00e2mara de Vereadores, Renivan comemorou a decis\u00e3o e destacou sua responsabilidade com o er\u00e1rio p\u00fablico. <\/p>\n\n\n\n<p>\u201cUma prova de que estivemos trabalhando correto e dentro da legalidade. \u00c9 preciso ter responsabilidade com os recursos p\u00fablicos e isso n\u00f3s fizemos\u201d.<\/p>\n","protected":false},"excerpt":{"rendered":"<p>O Tribunal de Contas do Estado aprovou as contas do ex-presidente da C\u00e2mara de Vereadores de Cara\u00fabas, vereador Renivan Neves, referentes ao ano de 2018.&hellip; <\/p>\n","protected":false},"author":2,"featured_media":131438,"comment_status":"closed","ping_status":"closed","sticky":false,"template":"","format":"standard","meta":{"sfsi_plus_gutenberg_text_before_share":"","sfsi_plus_gutenberg_show_text_before_share":"","sfsi_plus_gutenberg_icon_type":"","sfsi_plus_gutenberg_icon_alignemt":"","sfsi_plus_gutenburg_max_per_row":"","footnotes":""},"categories":[50,11],"tags":[],"class_list":["post-131437","post","type-post","status-publish","format-standard","has-post-thumbnail","hentry","category-destaque","category-politica"],"_links":{"self":[{"href":"https:\/\/www.caririemacao.com\/1\/wp-json\/wp\/v2\/posts\/131437","targetHints":{"allow":["GET"]}}],"collection":[{"href":"https:\/\/www.caririemacao.com\/1\/wp-json\/wp\/v2\/posts"}],"about":[{"href":"https:\/\/www.caririemacao.com\/1\/wp-json\/wp\/v2\/types\/post"}],"author":[{"embeddable":true,"href":"https:\/\/www.caririemacao.com\/1\/wp-json\/wp\/v2\/users\/2"}],"replies":[{"embeddable":true,"href":"https:\/\/www.caririemacao.com\/1\/wp-json\/wp\/v2\/comments?post=131437"}],"version-history":[{"count":2,"href":"https:\/\/www.caririemacao.com\/1\/wp-json\/wp\/v2\/posts\/131437\/revisions"}],"predecessor-version":[{"id":131440,"href":"https:\/\/www.caririemacao.com\/1\/wp-json\/wp\/v2\/posts\/131437\/revisions\/131440"}],"wp:featuredmedia":[{"embeddable":true,"href":"https:\/\/www.caririemacao.com\/1\/wp-json\/wp\/v2\/media\/131438"}],"wp:attachment":[{"href":"https:\/\/www.caririemacao.com\/1\/wp-json\/wp\/v2\/media?parent=131437"}],"wp:term":[{"taxonomy":"category","embeddable":true,"href":"https:\/\/www.caririemacao.com\/1\/wp-json\/wp\/v2\/categories?post=131437"},{"taxonomy":"post_tag","embeddable":true,"href":"https:\/\/www.caririemacao.com\/1\/wp-json\/wp\/v2\/tags?post=131437"}],"curies":[{"name":"wp","href":"https:\/\/api.w.org\/{rel}","templated":true}]}}