{"id":131444,"date":"2019-10-31T00:34:58","date_gmt":"2019-10-31T03:34:58","guid":{"rendered":"http:\/\/www.caririemacao.com\/1\/?p=131444"},"modified":"2019-10-31T00:34:58","modified_gmt":"2019-10-31T03:34:58","slug":"cariri-em-acao-finaliza-pesquisa-na-cidade-de-sume","status":"publish","type":"post","link":"https:\/\/www.caririemacao.com\/1\/2019\/10\/31\/cariri-em-acao-finaliza-pesquisa-na-cidade-de-sume\/","title":{"rendered":"Cariri em A\u00e7\u00e3o finaliza pesquisa na cidade de Sum\u00e9"},"content":{"rendered":"\n<p>O Cariri em A\u00e7\u00e3o finalizou nesta quarta-feira dia (30), a\npesquisa do Pr\u00eamio Refer\u00eancia 2019 na cidade de Sum\u00e9. A pesquisa foi realizada\nnos dias 21, 29, e 30 de outubro. <\/p>\n\n\n\n<p>Os resultados da pesquisa realizada nos 25 munic\u00edpios, ser\u00e3o\ndivulgados no pr\u00f3ximo dia 08 de novembro, \u00e0s 19:00h na cidade de Monteiro\/PB, com\ntransmiss\u00e3o ao vivo e divulga\u00e7\u00e3o no site, e nas redes sociais do Cariri em\nA\u00e7\u00e3o. <\/p>\n\n\n\n<p>A Cerim\u00f4nia de Premia\u00e7\u00e3o ocorrer\u00e1 no dia 07 de dezembro, no\nclube Alexandre da Silva Brito na cidade de Monteiro\/PB. Maiores informa\u00e7\u00f5es com\nMarivaldo Alc\u00e2ntara (83) 996345791.<\/p>\n","protected":false},"excerpt":{"rendered":"<p>O Cariri em A\u00e7\u00e3o finalizou nesta quarta-feira dia (30), a pesquisa do Pr\u00eamio Refer\u00eancia 2019 na cidade de Sum\u00e9. A pesquisa foi realizada nos dias&hellip; <\/p>\n","protected":false},"author":2,"featured_media":131445,"comment_status":"closed","ping_status":"closed","sticky":false,"template":"","format":"standard","meta":{"sfsi_plus_gutenberg_text_before_share":"","sfsi_plus_gutenberg_show_text_before_share":"","sfsi_plus_gutenberg_icon_type":"","sfsi_plus_gutenberg_icon_alignemt":"","sfsi_plus_gutenburg_max_per_row":"","footnotes":""},"categories":[50,2],"tags":[],"class_list":["post-131444","post","type-post","status-publish","format-standard","has-post-thumbnail","hentry","category-destaque","category-geral"],"_links":{"self":[{"href":"https:\/\/www.caririemacao.com\/1\/wp-json\/wp\/v2\/posts\/131444","targetHints":{"allow":["GET"]}}],"collection":[{"href":"https:\/\/www.caririemacao.com\/1\/wp-json\/wp\/v2\/posts"}],"about":[{"href":"https:\/\/www.caririemacao.com\/1\/wp-json\/wp\/v2\/types\/post"}],"author":[{"embeddable":true,"href":"https:\/\/www.caririemacao.com\/1\/wp-json\/wp\/v2\/users\/2"}],"replies":[{"embeddable":true,"href":"https:\/\/www.caririemacao.com\/1\/wp-json\/wp\/v2\/comments?post=131444"}],"version-history":[{"count":1,"href":"https:\/\/www.caririemacao.com\/1\/wp-json\/wp\/v2\/posts\/131444\/revisions"}],"predecessor-version":[{"id":131446,"href":"https:\/\/www.caririemacao.com\/1\/wp-json\/wp\/v2\/posts\/131444\/revisions\/131446"}],"wp:featuredmedia":[{"embeddable":true,"href":"https:\/\/www.caririemacao.com\/1\/wp-json\/wp\/v2\/media\/131445"}],"wp:attachment":[{"href":"https:\/\/www.caririemacao.com\/1\/wp-json\/wp\/v2\/media?parent=131444"}],"wp:term":[{"taxonomy":"category","embeddable":true,"href":"https:\/\/www.caririemacao.com\/1\/wp-json\/wp\/v2\/categories?post=131444"},{"taxonomy":"post_tag","embeddable":true,"href":"https:\/\/www.caririemacao.com\/1\/wp-json\/wp\/v2\/tags?post=131444"}],"curies":[{"name":"wp","href":"https:\/\/api.w.org\/{rel}","templated":true}]}}