{"id":131447,"date":"2019-10-31T00:54:23","date_gmt":"2019-10-31T03:54:23","guid":{"rendered":"http:\/\/www.caririemacao.com\/1\/?p=131447"},"modified":"2019-10-31T01:55:00","modified_gmt":"2019-10-31T04:55:00","slug":"reuniao-entre-prefeitura-conselho-do-odm-e-camara-de-sume-define-audiencia-que-vai-debater-loa-2020","status":"publish","type":"post","link":"https:\/\/www.caririemacao.com\/1\/2019\/10\/31\/reuniao-entre-prefeitura-conselho-do-odm-e-camara-de-sume-define-audiencia-que-vai-debater-loa-2020\/","title":{"rendered":"Reuni\u00e3o entre Prefeitura, Conselho do ODM e C\u00e2mara de Sum\u00e9 define audi\u00eancia que vai debater LOA 2020"},"content":{"rendered":"\n<p>Um importante reuni\u00e3o realizada na manh\u00e3 desta quarta-feira,\ndia 30, na sede da C\u00e2mara Municipal de Sum\u00e9, entre Prefeitura Municipal,\nConselho do ODM e C\u00e2mara de Sum\u00e9, definiu a data da realiza\u00e7\u00e3o de uma audi\u00eancia\np\u00fablica que vai debater com os conselheiros do Or\u00e7amento Democr\u00e1tico Municipal de\nSum\u00e9, as demandas sugeridas pela popula\u00e7\u00e3o durante as plen\u00e1rias realizadas pelo\nprefeito \u00c9den Duarte.<\/p>\n\n\n\n<p>Na reuni\u00e3o, estava o presidente da C\u00e2mara Municipal, Le\u00f4nidas Albino, do vereador\u00a0Ant\u00f4nio Carlos Sarmento, l\u00edder do governo\u00a0\u00c9den Duarte,  o coordenador do ODM (Or\u00e7amento Democr\u00e1tico Municipal), Marivaldo Alc\u00e2ntara, e dos conselheiros do ODM Artur Torres e Sandra Palmeira, respectivamente, presidente e vice-presidente do Conselho Municipal do Or\u00e7amento Democr\u00e1tico.<\/p>\n\n\n\n<p>Na pauta, planejamento do in\u00edcio da discuss\u00e3o da Loa com os\nconselheiros do or\u00e7amento democr\u00e1tico municipal. Ap\u00f3s uma r\u00e1pida conversa por\ntelefone com o presidente da Comiss\u00e3o de Or\u00e7amento e Finan\u00e7as, vereador Z\u00e9 Ant\u00f4nio,\nficou definido o dia 13 de novembro para a realiza\u00e7\u00e3o da audi\u00eancia p\u00fablica,\nonde os conselheiros ir\u00e3o defender junto ao Parlamento Sumeense, as prioridades\nsistematizadas pelo CMOD (Conselho Municipal do Or\u00e7amento Democr\u00e1tico).<\/p>\n","protected":false},"excerpt":{"rendered":"<p>Um importante reuni\u00e3o realizada na manh\u00e3 desta quarta-feira, dia 30, na sede da C\u00e2mara Municipal de Sum\u00e9, entre Prefeitura Municipal, Conselho do ODM e C\u00e2mara&hellip; <\/p>\n","protected":false},"author":2,"featured_media":131449,"comment_status":"closed","ping_status":"closed","sticky":false,"template":"","format":"standard","meta":{"sfsi_plus_gutenberg_text_before_share":"","sfsi_plus_gutenberg_show_text_before_share":"","sfsi_plus_gutenberg_icon_type":"","sfsi_plus_gutenberg_icon_alignemt":"","sfsi_plus_gutenburg_max_per_row":"","footnotes":""},"categories":[6,50],"tags":[],"class_list":["post-131447","post","type-post","status-publish","format-standard","has-post-thumbnail","hentry","category-cidades","category-destaque"],"_links":{"self":[{"href":"https:\/\/www.caririemacao.com\/1\/wp-json\/wp\/v2\/posts\/131447","targetHints":{"allow":["GET"]}}],"collection":[{"href":"https:\/\/www.caririemacao.com\/1\/wp-json\/wp\/v2\/posts"}],"about":[{"href":"https:\/\/www.caririemacao.com\/1\/wp-json\/wp\/v2\/types\/post"}],"author":[{"embeddable":true,"href":"https:\/\/www.caririemacao.com\/1\/wp-json\/wp\/v2\/users\/2"}],"replies":[{"embeddable":true,"href":"https:\/\/www.caririemacao.com\/1\/wp-json\/wp\/v2\/comments?post=131447"}],"version-history":[{"count":3,"href":"https:\/\/www.caririemacao.com\/1\/wp-json\/wp\/v2\/posts\/131447\/revisions"}],"predecessor-version":[{"id":131452,"href":"https:\/\/www.caririemacao.com\/1\/wp-json\/wp\/v2\/posts\/131447\/revisions\/131452"}],"wp:featuredmedia":[{"embeddable":true,"href":"https:\/\/www.caririemacao.com\/1\/wp-json\/wp\/v2\/media\/131449"}],"wp:attachment":[{"href":"https:\/\/www.caririemacao.com\/1\/wp-json\/wp\/v2\/media?parent=131447"}],"wp:term":[{"taxonomy":"category","embeddable":true,"href":"https:\/\/www.caririemacao.com\/1\/wp-json\/wp\/v2\/categories?post=131447"},{"taxonomy":"post_tag","embeddable":true,"href":"https:\/\/www.caririemacao.com\/1\/wp-json\/wp\/v2\/tags?post=131447"}],"curies":[{"name":"wp","href":"https:\/\/api.w.org\/{rel}","templated":true}]}}