{"id":131454,"date":"2019-10-31T01:57:27","date_gmt":"2019-10-31T04:57:27","guid":{"rendered":"http:\/\/www.caririemacao.com\/1\/?p=131454"},"modified":"2019-10-31T01:57:27","modified_gmt":"2019-10-31T04:57:27","slug":"conselho-do-orcamento-democratico-de-sume-e-recebido-pelo-presidente-da-camara-de-sume","status":"publish","type":"post","link":"https:\/\/www.caririemacao.com\/1\/2019\/10\/31\/conselho-do-orcamento-democratico-de-sume-e-recebido-pelo-presidente-da-camara-de-sume\/","title":{"rendered":"Conselho do Or\u00e7amento Democr\u00e1tico de Sum\u00e9 \u00e9 recebido pelo presidente da C\u00e2mara de Sum\u00e9"},"content":{"rendered":"\n<p>O presidente da C\u00e2mara Municipal de Sum\u00e9, Le\u00f4nidas Albino\n(Bomba), se reuniu na manh\u00e3 desta quarta-feira, dia 30, em seu gabinete, com o presidente\ne vice-presidente do Conselho Municipal do Or\u00e7amento Democr\u00e1tico,\nrespectivamente, Artur Torres e Sandra Palmeira, com o coordenador do ODM\n(Or\u00e7amento Democr\u00e1tico Municipal), Marivaldo Alc\u00e2ntara, e com o vereador\nAnt\u00f4nio Carlos Sarmento, l\u00edder do governo \u00c9den Duarte.<\/p>\n\n\n\n<p>Na pauta da reuni\u00e3o, constou a defini\u00e7\u00e3o da data da\nrealiza\u00e7\u00e3o de uma audi\u00eancia p\u00fablica que vai debater com os conselheiros do\nOr\u00e7amento Democr\u00e1tico Municipal de Sum\u00e9, as demandas sugeridas pela popula\u00e7\u00e3o\ndurante as plen\u00e1rias realizadas pelo prefeito \u00c9den Duarte em v\u00e1rias regi\u00f5es do munic\u00edpios.<\/p>\n\n\n\n<p>Segundo o presidente Bomba, foi discutido o planejamento da discuss\u00e3o da Loa 2020 com os conselheiros do ODM e ap\u00f3s uma r\u00e1pida conversa, por telefone, com o presidente da Comiss\u00e3o de Or\u00e7amento e Finan\u00e7as, vereador Z\u00e9 Ant\u00f4nio, ficou definido o dia 13 de novembro para a realiza\u00e7\u00e3o da audi\u00eancia p\u00fablica, onde os conselheiros ir\u00e3o defender junto ao Parlamento Sumeense, as prioridades sistematizadas pelo CMOD (Conselho Municipal do Or\u00e7amento Democr\u00e1tico).<\/p>\n\n\n\n<p>\u201cEstamos cumprindo nosso dever ao abrir as portas do\nLegislativo Sumeense para a sociedade debater conosco as demandas sugeridas por\nela mesma durante as 13 plen\u00e1rias promovidas entre os meses de julho e agosto\nnas comunidades de nosso munic\u00edpio referente ao Or\u00e7amento Democr\u00e1tico Municipal\u201d,\ndestacou o presidente. <\/p>\n","protected":false},"excerpt":{"rendered":"<p>O presidente da C\u00e2mara Municipal de Sum\u00e9, Le\u00f4nidas Albino (Bomba), se reuniu na manh\u00e3 desta quarta-feira, dia 30, em seu gabinete, com o presidente e&hellip; <\/p>\n","protected":false},"author":2,"featured_media":131455,"comment_status":"closed","ping_status":"closed","sticky":false,"template":"","format":"standard","meta":{"sfsi_plus_gutenberg_text_before_share":"","sfsi_plus_gutenberg_show_text_before_share":"","sfsi_plus_gutenberg_icon_type":"","sfsi_plus_gutenberg_icon_alignemt":"","sfsi_plus_gutenburg_max_per_row":"","footnotes":""},"categories":[50,2],"tags":[],"class_list":["post-131454","post","type-post","status-publish","format-standard","has-post-thumbnail","hentry","category-destaque","category-geral"],"_links":{"self":[{"href":"https:\/\/www.caririemacao.com\/1\/wp-json\/wp\/v2\/posts\/131454","targetHints":{"allow":["GET"]}}],"collection":[{"href":"https:\/\/www.caririemacao.com\/1\/wp-json\/wp\/v2\/posts"}],"about":[{"href":"https:\/\/www.caririemacao.com\/1\/wp-json\/wp\/v2\/types\/post"}],"author":[{"embeddable":true,"href":"https:\/\/www.caririemacao.com\/1\/wp-json\/wp\/v2\/users\/2"}],"replies":[{"embeddable":true,"href":"https:\/\/www.caririemacao.com\/1\/wp-json\/wp\/v2\/comments?post=131454"}],"version-history":[{"count":1,"href":"https:\/\/www.caririemacao.com\/1\/wp-json\/wp\/v2\/posts\/131454\/revisions"}],"predecessor-version":[{"id":131456,"href":"https:\/\/www.caririemacao.com\/1\/wp-json\/wp\/v2\/posts\/131454\/revisions\/131456"}],"wp:featuredmedia":[{"embeddable":true,"href":"https:\/\/www.caririemacao.com\/1\/wp-json\/wp\/v2\/media\/131455"}],"wp:attachment":[{"href":"https:\/\/www.caririemacao.com\/1\/wp-json\/wp\/v2\/media?parent=131454"}],"wp:term":[{"taxonomy":"category","embeddable":true,"href":"https:\/\/www.caririemacao.com\/1\/wp-json\/wp\/v2\/categories?post=131454"},{"taxonomy":"post_tag","embeddable":true,"href":"https:\/\/www.caririemacao.com\/1\/wp-json\/wp\/v2\/tags?post=131454"}],"curies":[{"name":"wp","href":"https:\/\/api.w.org\/{rel}","templated":true}]}}