{"id":131457,"date":"2019-10-31T07:54:25","date_gmt":"2019-10-31T10:54:25","guid":{"rendered":"http:\/\/www.caririemacao.com\/1\/?p=131457"},"modified":"2019-10-31T07:54:25","modified_gmt":"2019-10-31T10:54:25","slug":"terminam-hoje-as-inscricoes-para-o-concurso-com-77-vagas-para-prefeitura-de-serraria","status":"publish","type":"post","link":"https:\/\/www.caririemacao.com\/1\/2019\/10\/31\/terminam-hoje-as-inscricoes-para-o-concurso-com-77-vagas-para-prefeitura-de-serraria\/","title":{"rendered":"Terminam hoje as inscri\u00e7\u00f5es para o concurso com 77 vagas para Prefeitura de Serraria"},"content":{"rendered":"\n<p>A Prefeitura de Serraria inscreve para concurso p\u00fablico com 77 vagas at\u00e9 esta quinta-feira (31). As inscri\u00e7\u00f5es foram reabertas no in\u00edcio do m\u00eas.<\/p>\n\n\n\n<p><a href=\"http:\/\/www.contemaxconsultoria.com.br\/site\/concursos-em-andamento\/prefeitura-municipal-de-serraria\">Confira o edital de reabertura<\/a><\/p>\n\n\n\n<p>Ao todo s\u00e3o oferecidas 77 vagas e os sal\u00e1rios variam entre R$ 998 a R$ 3,3 mil.&nbsp;<\/p>\n\n\n\n<p>Os interessados poder\u00e3o se inscrever,&nbsp;<a href=\"http:\/\/www.contemaxconsultoria.com.br\/site\/\">atrav\u00e9s da empresa respons\u00e1vel pelo certame<\/a>.&nbsp;A taxa de inscri\u00e7\u00e3o custa R$ 40 para cargos de n\u00edvel fundamental, R$ 45 para cargos de n\u00edveis m\u00e9dio e t\u00e9cnico e R$ 50 para cargos de n\u00edvel superior.<\/p>\n\n\n\n<p>Com as mudan\u00e7as o cronograma do concurso foi alterado.&nbsp;<\/p>\n\n\n\n<p>H\u00e1 vagas para m\u00e9dico, advogado, agente comunit\u00e1rio de sa\u00fade, agente de combate \u00e0s endemias, assistente administrativo, assistente social, auxiliar de consult\u00f3rio dent\u00e1rio, auxiliar de pedreiro, auxiliar de servi\u00e7os gerais,condutor socorrista, cuidador, educador f\u00edsico, eletricista, enfermeiro, engenheiro civil, fisioterapeuta, fonoaudi\u00f3logo, motorista (B e D), nutricionista, odont\u00f3logo, operador de m\u00e1quinas pesadas,<br>orientador educacional, pedagogo, pedreiro, pintor, supervisor educacional, t\u00e9cnico em enfermagem, t\u00e9cnico em manuten\u00e7\u00e3o de equipamentos de inform\u00e1tica e vigilante.<\/p>\n\n\n\n<p>As provas acontecem no dia 8 de dezembro.<\/p>\n","protected":false},"excerpt":{"rendered":"<p>A Prefeitura de Serraria inscreve para concurso p\u00fablico com 77 vagas at\u00e9 esta quinta-feira (31). As inscri\u00e7\u00f5es foram reabertas no in\u00edcio do m\u00eas. Confira o&hellip; <\/p>\n","protected":false},"author":1,"featured_media":131459,"comment_status":"closed","ping_status":"closed","sticky":false,"template":"","format":"standard","meta":{"sfsi_plus_gutenberg_text_before_share":"","sfsi_plus_gutenberg_show_text_before_share":"","sfsi_plus_gutenberg_icon_type":"","sfsi_plus_gutenberg_icon_alignemt":"","sfsi_plus_gutenburg_max_per_row":"","footnotes":""},"categories":[2],"tags":[],"class_list":["post-131457","post","type-post","status-publish","format-standard","has-post-thumbnail","hentry","category-geral"],"_links":{"self":[{"href":"https:\/\/www.caririemacao.com\/1\/wp-json\/wp\/v2\/posts\/131457","targetHints":{"allow":["GET"]}}],"collection":[{"href":"https:\/\/www.caririemacao.com\/1\/wp-json\/wp\/v2\/posts"}],"about":[{"href":"https:\/\/www.caririemacao.com\/1\/wp-json\/wp\/v2\/types\/post"}],"author":[{"embeddable":true,"href":"https:\/\/www.caririemacao.com\/1\/wp-json\/wp\/v2\/users\/1"}],"replies":[{"embeddable":true,"href":"https:\/\/www.caririemacao.com\/1\/wp-json\/wp\/v2\/comments?post=131457"}],"version-history":[{"count":1,"href":"https:\/\/www.caririemacao.com\/1\/wp-json\/wp\/v2\/posts\/131457\/revisions"}],"predecessor-version":[{"id":131460,"href":"https:\/\/www.caririemacao.com\/1\/wp-json\/wp\/v2\/posts\/131457\/revisions\/131460"}],"wp:featuredmedia":[{"embeddable":true,"href":"https:\/\/www.caririemacao.com\/1\/wp-json\/wp\/v2\/media\/131459"}],"wp:attachment":[{"href":"https:\/\/www.caririemacao.com\/1\/wp-json\/wp\/v2\/media?parent=131457"}],"wp:term":[{"taxonomy":"category","embeddable":true,"href":"https:\/\/www.caririemacao.com\/1\/wp-json\/wp\/v2\/categories?post=131457"},{"taxonomy":"post_tag","embeddable":true,"href":"https:\/\/www.caririemacao.com\/1\/wp-json\/wp\/v2\/tags?post=131457"}],"curies":[{"name":"wp","href":"https:\/\/api.w.org\/{rel}","templated":true}]}}