{"id":131469,"date":"2019-10-31T07:58:52","date_gmt":"2019-10-31T10:58:52","guid":{"rendered":"http:\/\/www.caririemacao.com\/1\/?p=131469"},"modified":"2019-10-31T07:58:52","modified_gmt":"2019-10-31T10:58:52","slug":"lutador-de-arte-marciais-e-suspeito-de-espancar-homem-ate-a-morte-na-paraiba","status":"publish","type":"post","link":"https:\/\/www.caririemacao.com\/1\/2019\/10\/31\/lutador-de-arte-marciais-e-suspeito-de-espancar-homem-ate-a-morte-na-paraiba\/","title":{"rendered":"Lutador de arte marciais \u00e9 suspeito de espancar homem at\u00e9 a morte na Para\u00edba"},"content":{"rendered":"\n<p>Um homem morreu, na noite desta quarta-feira (30), ap\u00f3s ser espancado, na cidade de Catol\u00e9 do Rocha, na Para\u00edba. A v\u00edtima identificada como Preto foi agredido com socos e chutes, de acordo com informa\u00e7\u00f5es.&nbsp;<\/p>\n\n\n\n<p>O suspeito de praticar o homic\u00eddio seria um lutador de artes marciais,que ap\u00f3s o crime fugiu.<\/p>\n\n\n\n<p>A v\u00edtima chegou a ser socorrida para o Hospital Regional da cidade, mas n\u00e3o resistiu aos ferimentos e morreu.&nbsp;<\/p>\n\n\n\n<p>Testemunhas informaram que o rosto da v\u00edtima ficou desfigurado.&nbsp;<\/p>\n\n\n\n<p>A Pol\u00edcia Militar foi acionada e informou que segue em dilig\u00eancia a procura do suspeito.<\/p>\n","protected":false},"excerpt":{"rendered":"<p>Um homem morreu, na noite desta quarta-feira (30), ap\u00f3s ser espancado, na cidade de Catol\u00e9 do Rocha, na Para\u00edba. A v\u00edtima identificada como Preto foi&hellip; <\/p>\n","protected":false},"author":1,"featured_media":131471,"comment_status":"closed","ping_status":"closed","sticky":false,"template":"","format":"standard","meta":{"sfsi_plus_gutenberg_text_before_share":"","sfsi_plus_gutenberg_show_text_before_share":"","sfsi_plus_gutenberg_icon_type":"","sfsi_plus_gutenberg_icon_alignemt":"","sfsi_plus_gutenburg_max_per_row":"","footnotes":""},"categories":[12],"tags":[],"class_list":["post-131469","post","type-post","status-publish","format-standard","has-post-thumbnail","hentry","category-policia"],"_links":{"self":[{"href":"https:\/\/www.caririemacao.com\/1\/wp-json\/wp\/v2\/posts\/131469","targetHints":{"allow":["GET"]}}],"collection":[{"href":"https:\/\/www.caririemacao.com\/1\/wp-json\/wp\/v2\/posts"}],"about":[{"href":"https:\/\/www.caririemacao.com\/1\/wp-json\/wp\/v2\/types\/post"}],"author":[{"embeddable":true,"href":"https:\/\/www.caririemacao.com\/1\/wp-json\/wp\/v2\/users\/1"}],"replies":[{"embeddable":true,"href":"https:\/\/www.caririemacao.com\/1\/wp-json\/wp\/v2\/comments?post=131469"}],"version-history":[{"count":1,"href":"https:\/\/www.caririemacao.com\/1\/wp-json\/wp\/v2\/posts\/131469\/revisions"}],"predecessor-version":[{"id":131472,"href":"https:\/\/www.caririemacao.com\/1\/wp-json\/wp\/v2\/posts\/131469\/revisions\/131472"}],"wp:featuredmedia":[{"embeddable":true,"href":"https:\/\/www.caririemacao.com\/1\/wp-json\/wp\/v2\/media\/131471"}],"wp:attachment":[{"href":"https:\/\/www.caririemacao.com\/1\/wp-json\/wp\/v2\/media?parent=131469"}],"wp:term":[{"taxonomy":"category","embeddable":true,"href":"https:\/\/www.caririemacao.com\/1\/wp-json\/wp\/v2\/categories?post=131469"},{"taxonomy":"post_tag","embeddable":true,"href":"https:\/\/www.caririemacao.com\/1\/wp-json\/wp\/v2\/tags?post=131469"}],"curies":[{"name":"wp","href":"https:\/\/api.w.org\/{rel}","templated":true}]}}