{"id":131474,"date":"2019-10-31T08:00:52","date_gmt":"2019-10-31T11:00:52","guid":{"rendered":"http:\/\/www.caririemacao.com\/1\/?p=131474"},"modified":"2019-10-31T08:00:52","modified_gmt":"2019-10-31T11:00:52","slug":"idosa-de-67-anos-morre-carbonizada-em-incendio-no-roger","status":"publish","type":"post","link":"https:\/\/www.caririemacao.com\/1\/2019\/10\/31\/idosa-de-67-anos-morre-carbonizada-em-incendio-no-roger\/","title":{"rendered":"Idosa de 67 anos morre carbonizada em inc\u00eandio no R\u00f3ger"},"content":{"rendered":"\n<p>Uma idosa foi encontrada morta, com o corpo carbonizado, em sua pr\u00f3pria resid\u00eancia, na comunidade Asa Branca, no R\u00f3ger, bairro de Jo\u00e3o Pessoa.<\/p>\n\n\n\n<p>De acordo com informa\u00e7\u00f5es de testemunhas, o colch\u00e3o onde a v\u00edtima estava deitada estava completamente queimado. Especula-se que o cachimbo que a v\u00edtima fumava com frequ\u00eancia deu in\u00edcio ao fogo.<\/p>\n\n\n\n<p>Os vizinhos chegaram a acionar equipes do Servi\u00e7o de Atendimento M\u00f3vel de Urg\u00eancia (SAMU) e tentaram apagar as chamas, mas a v\u00edtima j\u00e1 estava morta quando o socorro chegou ao local.<\/p>\n\n\n\n<p>A Pol\u00edcia Civil tamb\u00e9m foi acionada.<\/p>\n\n\n\n<p>A mulher, que tinha 67 anos, era deficiente e n\u00e3o conseguia se locomover sozinha.<\/p>\n\n\n\n<p>O inc\u00eandio ocorreu quando uma sobrinha que cuidava da idosa teve que sair de casa para buscar a filha na escola.<\/p>\n","protected":false},"excerpt":{"rendered":"<p>Uma idosa foi encontrada morta, com o corpo carbonizado, em sua pr\u00f3pria resid\u00eancia, na comunidade Asa Branca, no R\u00f3ger, bairro de Jo\u00e3o Pessoa. De acordo&hellip; <\/p>\n","protected":false},"author":1,"featured_media":131477,"comment_status":"closed","ping_status":"closed","sticky":false,"template":"","format":"standard","meta":{"sfsi_plus_gutenberg_text_before_share":"","sfsi_plus_gutenberg_show_text_before_share":"","sfsi_plus_gutenberg_icon_type":"","sfsi_plus_gutenberg_icon_alignemt":"","sfsi_plus_gutenburg_max_per_row":"","footnotes":""},"categories":[12],"tags":[],"class_list":["post-131474","post","type-post","status-publish","format-standard","has-post-thumbnail","hentry","category-policia"],"_links":{"self":[{"href":"https:\/\/www.caririemacao.com\/1\/wp-json\/wp\/v2\/posts\/131474","targetHints":{"allow":["GET"]}}],"collection":[{"href":"https:\/\/www.caririemacao.com\/1\/wp-json\/wp\/v2\/posts"}],"about":[{"href":"https:\/\/www.caririemacao.com\/1\/wp-json\/wp\/v2\/types\/post"}],"author":[{"embeddable":true,"href":"https:\/\/www.caririemacao.com\/1\/wp-json\/wp\/v2\/users\/1"}],"replies":[{"embeddable":true,"href":"https:\/\/www.caririemacao.com\/1\/wp-json\/wp\/v2\/comments?post=131474"}],"version-history":[{"count":1,"href":"https:\/\/www.caririemacao.com\/1\/wp-json\/wp\/v2\/posts\/131474\/revisions"}],"predecessor-version":[{"id":131478,"href":"https:\/\/www.caririemacao.com\/1\/wp-json\/wp\/v2\/posts\/131474\/revisions\/131478"}],"wp:featuredmedia":[{"embeddable":true,"href":"https:\/\/www.caririemacao.com\/1\/wp-json\/wp\/v2\/media\/131477"}],"wp:attachment":[{"href":"https:\/\/www.caririemacao.com\/1\/wp-json\/wp\/v2\/media?parent=131474"}],"wp:term":[{"taxonomy":"category","embeddable":true,"href":"https:\/\/www.caririemacao.com\/1\/wp-json\/wp\/v2\/categories?post=131474"},{"taxonomy":"post_tag","embeddable":true,"href":"https:\/\/www.caririemacao.com\/1\/wp-json\/wp\/v2\/tags?post=131474"}],"curies":[{"name":"wp","href":"https:\/\/api.w.org\/{rel}","templated":true}]}}