{"id":131485,"date":"2019-10-31T08:02:34","date_gmt":"2019-10-31T11:02:34","guid":{"rendered":"http:\/\/www.caririemacao.com\/1\/?p=131485"},"modified":"2019-10-31T08:02:34","modified_gmt":"2019-10-31T11:02:34","slug":"manuela-davila-e-reporter-do-the-intercept-participam-de-palestras-na-ufpb-em-novembro","status":"publish","type":"post","link":"https:\/\/www.caririemacao.com\/1\/2019\/10\/31\/manuela-davila-e-reporter-do-the-intercept-participam-de-palestras-na-ufpb-em-novembro\/","title":{"rendered":"Manuela D\u2019\u00c1vila e rep\u00f3rter do The Intercept participam de palestras na UFPB em novembro"},"content":{"rendered":"\n<p>A Semana de Jornalismo Vladimir Herzog, organizada pelo Centro Acad\u00eamico do curso de Jornalismo da Universidade Federal da Para\u00edba (UFPB) ter\u00b4presen\u00e7as ilustres em sua programa\u00e7\u00e3o, de acordo com o que foi divulgado pelos organizadores nesta semana. Manuela D\u2019\u00c1vila, ex-candidata a vice-presidente da Rep\u00fablica na chapa encabe\u00e7ada por Fernando Haddad, e Amanda Audi, rep\u00f3rter do site The Intercept, que participou da apura\u00e7\u00e3o da Vaza Jato.<br><\/p>\n\n\n\n<p>Amanda Audi estar\u00e1 na mesa de abertura do evento, no dia 11 de novembro. De acordo com a programa\u00e7\u00e3o, ela dever\u00e1 detalhar a apura\u00e7\u00e3o e constru\u00e7\u00e3o das reportagens que integraram a Vaza Jato e a forma como isso impactou a reda\u00e7\u00e3o do site The Intercept Brasil.<\/p>\n\n\n\n<p>J\u00e1 Manuela D\u2019\u00c1vila, que tamb\u00e9m \u00e9 jornalista, participar\u00e1 do evento no dia 13 de novembro. Ela vir\u00e1 a Jo\u00e3o Pessoa para lan\u00e7ar seu livro, \u2018Por que lutamos\u2019, e participar de uma mesa de debate sobre a revolu\u00e7\u00e3o feminista no jornalismo. Ela \u00e9 uma das fundadoras do Instituto E Se Fosse Voc\u00ea? Que busca combater a rede de \u00f3dio e mentiras que se espalha nas redes sociais.<\/p>\n","protected":false},"excerpt":{"rendered":"<p>A Semana de Jornalismo Vladimir Herzog, organizada pelo Centro Acad\u00eamico do curso de Jornalismo da Universidade Federal da Para\u00edba (UFPB) ter\u00b4presen\u00e7as ilustres em sua programa\u00e7\u00e3o,&hellip; <\/p>\n","protected":false},"author":1,"featured_media":131487,"comment_status":"closed","ping_status":"closed","sticky":false,"template":"","format":"standard","meta":{"sfsi_plus_gutenberg_text_before_share":"","sfsi_plus_gutenberg_show_text_before_share":"","sfsi_plus_gutenberg_icon_type":"","sfsi_plus_gutenberg_icon_alignemt":"","sfsi_plus_gutenburg_max_per_row":"","footnotes":""},"categories":[14],"tags":[],"class_list":["post-131485","post","type-post","status-publish","format-standard","has-post-thumbnail","hentry","category-educacao"],"_links":{"self":[{"href":"https:\/\/www.caririemacao.com\/1\/wp-json\/wp\/v2\/posts\/131485","targetHints":{"allow":["GET"]}}],"collection":[{"href":"https:\/\/www.caririemacao.com\/1\/wp-json\/wp\/v2\/posts"}],"about":[{"href":"https:\/\/www.caririemacao.com\/1\/wp-json\/wp\/v2\/types\/post"}],"author":[{"embeddable":true,"href":"https:\/\/www.caririemacao.com\/1\/wp-json\/wp\/v2\/users\/1"}],"replies":[{"embeddable":true,"href":"https:\/\/www.caririemacao.com\/1\/wp-json\/wp\/v2\/comments?post=131485"}],"version-history":[{"count":1,"href":"https:\/\/www.caririemacao.com\/1\/wp-json\/wp\/v2\/posts\/131485\/revisions"}],"predecessor-version":[{"id":131488,"href":"https:\/\/www.caririemacao.com\/1\/wp-json\/wp\/v2\/posts\/131485\/revisions\/131488"}],"wp:featuredmedia":[{"embeddable":true,"href":"https:\/\/www.caririemacao.com\/1\/wp-json\/wp\/v2\/media\/131487"}],"wp:attachment":[{"href":"https:\/\/www.caririemacao.com\/1\/wp-json\/wp\/v2\/media?parent=131485"}],"wp:term":[{"taxonomy":"category","embeddable":true,"href":"https:\/\/www.caririemacao.com\/1\/wp-json\/wp\/v2\/categories?post=131485"},{"taxonomy":"post_tag","embeddable":true,"href":"https:\/\/www.caririemacao.com\/1\/wp-json\/wp\/v2\/tags?post=131485"}],"curies":[{"name":"wp","href":"https:\/\/api.w.org\/{rel}","templated":true}]}}