{"id":131499,"date":"2019-10-31T08:04:58","date_gmt":"2019-10-31T11:04:58","guid":{"rendered":"http:\/\/www.caririemacao.com\/1\/?p=131499"},"modified":"2019-10-31T08:04:58","modified_gmt":"2019-10-31T11:04:58","slug":"reducao-da-divida-publica-sera-possivel-com-ajuste-fiscal-menor-diz-governo","status":"publish","type":"post","link":"https:\/\/www.caririemacao.com\/1\/2019\/10\/31\/reducao-da-divida-publica-sera-possivel-com-ajuste-fiscal-menor-diz-governo\/","title":{"rendered":"Redu\u00e7\u00e3o da d\u00edvida p\u00fablica ser\u00e1 poss\u00edvel com ajuste fiscal menor, diz governo"},"content":{"rendered":"\n<p>&nbsp;Diante de um cen\u00e1rio de redu\u00e7\u00e3o da taxa b\u00e1sica de juros (Selic), o governo avalia que ser\u00e1 necess\u00e1rio aplicar um ajuste fiscal menos intenso para interromper a trajet\u00f3ria de alta da d\u00edvida p\u00fablica, levando a uma queda do endividamento do pa\u00eds.<\/p>\n\n\n\n<p>Desde o in\u00edcio do ano, o ministro da Economia, Paulo Guedes, vem defendendo e apresentando medidas de ajuste fiscal, entre elas, a reforma da Previd\u00eancia, j\u00e1 aprovada pelo Congresso. Nos pr\u00f3ximos dias, ser\u00e3o anunciadas medidas que alteram o servi\u00e7o p\u00fablico e a divis\u00e3o de recursos com estados e munic\u00edpios.<\/p>\n\n\n\n<p>De acordo com a proje\u00e7\u00e3o atual do Tesouro Nacional, a d\u00edvida bruta do governo geral deve alcan\u00e7ar seu pico em 2020, em 81,8% do PIB (Produto Interno Bruto). A partir desse ponto, come\u00e7a a cair, considerando as taxas de juros em queda e um crescimento econ\u00f4mico de 2,5% ao ano a partir de 2021.<\/p>\n\n\n\n<p>A taxa Selic vem em trajet\u00f3ria de queda e est\u00e1, at\u00e9 esta quarta, em 5,5% ao ano. Ainda nesta quarta, o Banco Central divulga decis\u00e3o do Copom, que pode reduzir a taxa mais uma vez.<\/p>\n\n\n\n<p>Com a redu\u00e7\u00e3o dos juros do pa\u00eds, o governo consegue emitir t\u00edtulos de d\u00edvida p\u00fablica pagando uma remunera\u00e7\u00e3o mais baixa aos investidores. Isso reduz os custos aos cofres p\u00fablicos.<\/p>\n\n\n\n<p>&#8220;Esse movimento reduziu as estimativas de resultado prim\u00e1rio necess\u00e1rio para colocar a rela\u00e7\u00e3o d\u00edvida p\u00fablica bruta\/PIB em trajet\u00f3ria descendente&#8221;, afirmou o Tesouro em nota. &#8220;O tamanho do ajuste fiscal para colocar a d\u00edvida p\u00fablica em clara trajet\u00f3ria de queda diminuiu&#8221;.<\/p>\n\n\n\n<p>O Tesouro tra\u00e7ou dois cen\u00e1rios que levariam a um recuo de 10 pontos percentuais na d\u00edvida p\u00fablica at\u00e9 2028, ambos levando em conta um crescimento do PIB pr\u00f3ximo a 2,5% ao ano.<\/p>\n\n\n\n<p>No cen\u00e1rio com uma taxa Selic m\u00e9dia de 5,59% ao ano, pr\u00f3xima do valor atual, essa redu\u00e7\u00e3o da d\u00edvida ser\u00e1 alcan\u00e7ada se o governo buscar um resultado prim\u00e1rio anual de 0,27% do PIB.<\/p>\n\n\n\n<p>Na outra possibilidade, se a Selic m\u00e9dia fosse mais alta, de 6,59% ao ano, esse esfor\u00e7o fiscal de super\u00e1vit prim\u00e1rio seria muito maior, de 0,81% do PIB.<br>O Tesouro pondera que os resultados fiscais negativos observados nos \u00faltimos anos e a regra do teto de gastos, que limita o crescimento das despesas p\u00fablicas, n\u00e3o permitem uma folga no ajuste.<\/p>\n\n\n\n<p>&#8220;N\u00e3o h\u00e1 espa\u00e7o algum para relaxar no ajuste fiscal que exige, necessariamente, o cumprimento do teto de gastos para evitar um aumento da carga tribut\u00e1ria&#8221;, disse.<\/p>\n","protected":false},"excerpt":{"rendered":"<p>&nbsp;Diante de um cen\u00e1rio de redu\u00e7\u00e3o da taxa b\u00e1sica de juros (Selic), o governo avalia que ser\u00e1 necess\u00e1rio aplicar um ajuste fiscal menos intenso para&hellip; <\/p>\n","protected":false},"author":1,"featured_media":109971,"comment_status":"closed","ping_status":"closed","sticky":false,"template":"","format":"standard","meta":{"sfsi_plus_gutenberg_text_before_share":"","sfsi_plus_gutenberg_show_text_before_share":"","sfsi_plus_gutenberg_icon_type":"","sfsi_plus_gutenberg_icon_alignemt":"","sfsi_plus_gutenburg_max_per_row":"","footnotes":""},"categories":[2],"tags":[],"class_list":["post-131499","post","type-post","status-publish","format-standard","has-post-thumbnail","hentry","category-geral"],"_links":{"self":[{"href":"https:\/\/www.caririemacao.com\/1\/wp-json\/wp\/v2\/posts\/131499","targetHints":{"allow":["GET"]}}],"collection":[{"href":"https:\/\/www.caririemacao.com\/1\/wp-json\/wp\/v2\/posts"}],"about":[{"href":"https:\/\/www.caririemacao.com\/1\/wp-json\/wp\/v2\/types\/post"}],"author":[{"embeddable":true,"href":"https:\/\/www.caririemacao.com\/1\/wp-json\/wp\/v2\/users\/1"}],"replies":[{"embeddable":true,"href":"https:\/\/www.caririemacao.com\/1\/wp-json\/wp\/v2\/comments?post=131499"}],"version-history":[{"count":1,"href":"https:\/\/www.caririemacao.com\/1\/wp-json\/wp\/v2\/posts\/131499\/revisions"}],"predecessor-version":[{"id":131501,"href":"https:\/\/www.caririemacao.com\/1\/wp-json\/wp\/v2\/posts\/131499\/revisions\/131501"}],"wp:featuredmedia":[{"embeddable":true,"href":"https:\/\/www.caririemacao.com\/1\/wp-json\/wp\/v2\/media\/109971"}],"wp:attachment":[{"href":"https:\/\/www.caririemacao.com\/1\/wp-json\/wp\/v2\/media?parent=131499"}],"wp:term":[{"taxonomy":"category","embeddable":true,"href":"https:\/\/www.caririemacao.com\/1\/wp-json\/wp\/v2\/categories?post=131499"},{"taxonomy":"post_tag","embeddable":true,"href":"https:\/\/www.caririemacao.com\/1\/wp-json\/wp\/v2\/tags?post=131499"}],"curies":[{"name":"wp","href":"https:\/\/api.w.org\/{rel}","templated":true}]}}