{"id":131535,"date":"2019-10-31T08:11:23","date_gmt":"2019-10-31T11:11:23","guid":{"rendered":"http:\/\/www.caririemacao.com\/1\/?p=131535"},"modified":"2019-10-31T08:11:23","modified_gmt":"2019-10-31T11:11:23","slug":"twitter-vai-passar-a-proibir-todos-os-tipos-de-propaganda-politica","status":"publish","type":"post","link":"https:\/\/www.caririemacao.com\/1\/2019\/10\/31\/twitter-vai-passar-a-proibir-todos-os-tipos-de-propaganda-politica\/","title":{"rendered":"Twitter vai passar a proibir todos os tipos de propaganda pol\u00edtica"},"content":{"rendered":"\n<p>O microblog&nbsp;<em>Twitter<\/em>&nbsp;anunciou que vai passar a proibir todos os tipos de propaganda pol\u00edtica em todo o mundo a partir de novembro.<\/p>\n\n\n\n<p>A decis\u00e3o foi tuitada pelo diretor Jack Dorsey. Ele disse que a proibi\u00e7\u00e3o de todos os tipos de propaganda pol\u00edtica paga passar\u00e1 a valer do dia 22 de novembro em diante, mas algumas exce\u00e7\u00f5es, como, por exemplo, an\u00fancios em apoio ao recenseamento eleitoral, ainda ser\u00e3o permitidas.<\/p>\n\n\n\n<p>O&nbsp;<em>Twitter&nbsp;<\/em>adotou a medida em meio \u00e0s crescentes cr\u00edticas de que an\u00fancios pagos em redes sociais provocam campanhas de difama\u00e7\u00e3o e que muitos deles cont\u00eam equ\u00edvocos ou informa\u00e7\u00f5es falsas.<\/p>\n\n\n\n<p>A medida contrasta com o&nbsp;<em>Facebook<\/em>, que afirmou que n\u00e3o vai proibir propagandas pol\u00edticas e nem vai verificar o conte\u00fado de an\u00fancios de pol\u00edticos.<\/p>\n","protected":false},"excerpt":{"rendered":"<p>O microblog&nbsp;Twitter&nbsp;anunciou que vai passar a proibir todos os tipos de propaganda pol\u00edtica em todo o mundo a partir de novembro. A decis\u00e3o foi tuitada&hellip; <\/p>\n","protected":false},"author":1,"featured_media":83478,"comment_status":"closed","ping_status":"closed","sticky":false,"template":"","format":"standard","meta":{"sfsi_plus_gutenberg_text_before_share":"","sfsi_plus_gutenberg_show_text_before_share":"","sfsi_plus_gutenberg_icon_type":"","sfsi_plus_gutenberg_icon_alignemt":"","sfsi_plus_gutenburg_max_per_row":"","footnotes":""},"categories":[2],"tags":[],"class_list":["post-131535","post","type-post","status-publish","format-standard","has-post-thumbnail","hentry","category-geral"],"_links":{"self":[{"href":"https:\/\/www.caririemacao.com\/1\/wp-json\/wp\/v2\/posts\/131535","targetHints":{"allow":["GET"]}}],"collection":[{"href":"https:\/\/www.caririemacao.com\/1\/wp-json\/wp\/v2\/posts"}],"about":[{"href":"https:\/\/www.caririemacao.com\/1\/wp-json\/wp\/v2\/types\/post"}],"author":[{"embeddable":true,"href":"https:\/\/www.caririemacao.com\/1\/wp-json\/wp\/v2\/users\/1"}],"replies":[{"embeddable":true,"href":"https:\/\/www.caririemacao.com\/1\/wp-json\/wp\/v2\/comments?post=131535"}],"version-history":[{"count":1,"href":"https:\/\/www.caririemacao.com\/1\/wp-json\/wp\/v2\/posts\/131535\/revisions"}],"predecessor-version":[{"id":131537,"href":"https:\/\/www.caririemacao.com\/1\/wp-json\/wp\/v2\/posts\/131535\/revisions\/131537"}],"wp:featuredmedia":[{"embeddable":true,"href":"https:\/\/www.caririemacao.com\/1\/wp-json\/wp\/v2\/media\/83478"}],"wp:attachment":[{"href":"https:\/\/www.caririemacao.com\/1\/wp-json\/wp\/v2\/media?parent=131535"}],"wp:term":[{"taxonomy":"category","embeddable":true,"href":"https:\/\/www.caririemacao.com\/1\/wp-json\/wp\/v2\/categories?post=131535"},{"taxonomy":"post_tag","embeddable":true,"href":"https:\/\/www.caririemacao.com\/1\/wp-json\/wp\/v2\/tags?post=131535"}],"curies":[{"name":"wp","href":"https:\/\/api.w.org\/{rel}","templated":true}]}}