{"id":131544,"date":"2019-10-31T08:14:44","date_gmt":"2019-10-31T11:14:44","guid":{"rendered":"http:\/\/www.caririemacao.com\/1\/?p=131544"},"modified":"2019-10-31T08:14:44","modified_gmt":"2019-10-31T11:14:44","slug":"usuarios-elogiam-grupo-dos-idosos-e-equipe-do-servico-de-convivencia-de-monteiro-em-enquete-de-radio","status":"publish","type":"post","link":"https:\/\/www.caririemacao.com\/1\/2019\/10\/31\/usuarios-elogiam-grupo-dos-idosos-e-equipe-do-servico-de-convivencia-de-monteiro-em-enquete-de-radio\/","title":{"rendered":"Usu\u00e1rios elogiam Grupo dos idosos e equipe do Servi\u00e7o de Conviv\u00eancia de Monteiro em enquete de r\u00e1dio"},"content":{"rendered":"\n<p>Os usu\u00e1rios do Servi\u00e7o de Conviv\u00eancia de Monteiro deram 100% de aprova\u00e7\u00e3o e elogiaram bastante a equipe e as a\u00e7\u00f5es do grupo de idosos do munic\u00edpio.<br>Em enquete realizada pelas r\u00e1dios Santa Maria e Imprensa FM do grupo Henrique de comunica\u00e7\u00e3o, todos os usu\u00e1rio fizeram v\u00e1rios elogios, desde a coordenadora Diana, passando pelos funcion\u00e1rios, citando a alimenta\u00e7\u00e3o, as atividades desenvolvidas com m\u00fasica, dan\u00e7a, brincadeiras, jogos, o ter\u00e7o, artesanato, educa\u00e7\u00e3o f\u00edsica, passeios e principalmente o carinho e a alegria que predominam nas atividades.<br>Recentemente a secretaria de desenvolvimento social teve que interromper temporariamente as atividades por 309 dias, em virtude da falta de compromisso do governo federal, que tem uma d\u00edvida enorme com os munic\u00edpios, referente aos repasses para servi\u00e7os, IGD (\u00cdndice de Gest\u00e3o Descentralizada) do Bolsa Fam\u00edlia e do Sistema \u00danico de Assist\u00eancia Social (Suas).<br>Com esta falta de repasse dos recursos pelo governo federal, os munic\u00edpios est\u00e3o encontrando dificuldades para manter em funcionamento os Centros de Refer\u00eancia Especializados de Assist\u00eancia Social (Creas), os Centros de Refer\u00eancia de Assist\u00eancia Social (Cras), abrigos e centros de conviv\u00eancia para a terceira idade em todo o pa\u00eds<strong><br><\/strong><strong>ESFOR\u00c7O E PAGAMENTO COM RECURSOS PR\u00d3PRIOS<\/strong><br>Nesta quarta feira, a prefeita Anna Lorena autorizou o pagamento da folha salarial dos funcion\u00e1rios contratados pelos programas do Servi\u00e7o de Conviv\u00eancia e Fortalecimento de V\u00ednculos e do CRAS, com recursos pr\u00f3prios.<br>Ap\u00f3s reuni\u00e3o com a secretaria&nbsp;&nbsp;de Finan\u00e7as,&nbsp;&nbsp;Rosilda Henrique, a prefeita autorizou o pagamento do m\u00eas de setembro dos servidores do SCFV e do m\u00eas de outubro dos lotados no CRAS.<\/p>\n\n\n\n<p><strong>F\u00c1BIO BRITO<\/strong><\/p>\n","protected":false},"excerpt":{"rendered":"<p>Os usu\u00e1rios do Servi\u00e7o de Conviv\u00eancia de Monteiro deram 100% de aprova\u00e7\u00e3o e elogiaram bastante a equipe e as a\u00e7\u00f5es do grupo de idosos do&hellip; <\/p>\n","protected":false},"author":1,"featured_media":131546,"comment_status":"closed","ping_status":"closed","sticky":false,"template":"","format":"standard","meta":{"sfsi_plus_gutenberg_text_before_share":"","sfsi_plus_gutenberg_show_text_before_share":"","sfsi_plus_gutenberg_icon_type":"","sfsi_plus_gutenberg_icon_alignemt":"","sfsi_plus_gutenburg_max_per_row":"","footnotes":""},"categories":[2],"tags":[],"class_list":["post-131544","post","type-post","status-publish","format-standard","has-post-thumbnail","hentry","category-geral"],"_links":{"self":[{"href":"https:\/\/www.caririemacao.com\/1\/wp-json\/wp\/v2\/posts\/131544","targetHints":{"allow":["GET"]}}],"collection":[{"href":"https:\/\/www.caririemacao.com\/1\/wp-json\/wp\/v2\/posts"}],"about":[{"href":"https:\/\/www.caririemacao.com\/1\/wp-json\/wp\/v2\/types\/post"}],"author":[{"embeddable":true,"href":"https:\/\/www.caririemacao.com\/1\/wp-json\/wp\/v2\/users\/1"}],"replies":[{"embeddable":true,"href":"https:\/\/www.caririemacao.com\/1\/wp-json\/wp\/v2\/comments?post=131544"}],"version-history":[{"count":1,"href":"https:\/\/www.caririemacao.com\/1\/wp-json\/wp\/v2\/posts\/131544\/revisions"}],"predecessor-version":[{"id":131547,"href":"https:\/\/www.caririemacao.com\/1\/wp-json\/wp\/v2\/posts\/131544\/revisions\/131547"}],"wp:featuredmedia":[{"embeddable":true,"href":"https:\/\/www.caririemacao.com\/1\/wp-json\/wp\/v2\/media\/131546"}],"wp:attachment":[{"href":"https:\/\/www.caririemacao.com\/1\/wp-json\/wp\/v2\/media?parent=131544"}],"wp:term":[{"taxonomy":"category","embeddable":true,"href":"https:\/\/www.caririemacao.com\/1\/wp-json\/wp\/v2\/categories?post=131544"},{"taxonomy":"post_tag","embeddable":true,"href":"https:\/\/www.caririemacao.com\/1\/wp-json\/wp\/v2\/tags?post=131544"}],"curies":[{"name":"wp","href":"https:\/\/api.w.org\/{rel}","templated":true}]}}