{"id":131554,"date":"2019-10-31T08:17:03","date_gmt":"2019-10-31T11:17:03","guid":{"rendered":"http:\/\/www.caririemacao.com\/1\/?p=131554"},"modified":"2019-10-31T08:17:03","modified_gmt":"2019-10-31T11:17:03","slug":"senado-endurece-pena-para-torcidas-violentas","status":"publish","type":"post","link":"https:\/\/www.caririemacao.com\/1\/2019\/10\/31\/senado-endurece-pena-para-torcidas-violentas\/","title":{"rendered":"Senado endurece pena para torcidas violentas"},"content":{"rendered":"\n<p>O plen\u00e1rio do Senado aprovou nesta quarta-feira (30) o projeto de lei que endurece a puni\u00e7\u00e3o a torcedores ou torcidas organizadas violentas mesmo quando os atos forem praticados em datas e locais distintos dos eventos esportivos, mas motivados por eles. A mat\u00e9ria segue para san\u00e7\u00e3o presidencial.&nbsp;<\/p>\n\n\n\n<p>O texto aumenta de tr\u00eas para cinco anos a puni\u00e7\u00e3o de afastamento dos locais dos eventos esportivos. O projeto estabelece que a pena possa ser aplicada \u00e0 torcida organizada, ao membro ou associado que promover invas\u00e3o de treinos, confronto com torcedores e outros atos de agress\u00e3o contra atletas, mesmo quando esses profissionais estejam em seus per\u00edodos de folga.<\/p>\n\n\n\n<p>A relatora da mat\u00e9ria, senadora Leila Barros (PSB-DF), ressaltou na justificativa do projeto que a mat\u00e9ria tamb\u00e9m vai assegurar a puni\u00e7\u00e3o aos crimes praticados fora do local onde ocorre o evento desportivo.<\/p>\n\n\n\n<p>\u201c\u00c0 toda evid\u00eancia \u2013 e a imprensa o comprova com frequ\u00eancia \u2013 atos de hostilidade e agress\u00e3o a outros torcedores e a profissionais envolvidos em eventos esportivos ocorrem tamb\u00e9m fora da data desses eventos e fisicamente distanciados dos referidos locais\u201d, disse.&nbsp;<\/p>\n\n\n\n<p>Sancionado em 2010, o Estatuto do Torcedor j\u00e1 pune a torcida organizada que, em evento esportivo, promover tumulto; praticar ou incitar a viol\u00eancia; ou invadir local restrito aos competidores, \u00e1rbitros, fiscais, dirigentes, organizadores ou jornalistas. No entanto, havia uma lacuna sobre puni\u00e7\u00f5es para essas torcidas e membros em outros ambientes.<\/p>\n","protected":false},"excerpt":{"rendered":"<p>O plen\u00e1rio do Senado aprovou nesta quarta-feira (30) o projeto de lei que endurece a puni\u00e7\u00e3o a torcedores ou torcidas organizadas violentas mesmo quando os&hellip; <\/p>\n","protected":false},"author":1,"featured_media":123044,"comment_status":"closed","ping_status":"closed","sticky":false,"template":"","format":"standard","meta":{"sfsi_plus_gutenberg_text_before_share":"","sfsi_plus_gutenberg_show_text_before_share":"","sfsi_plus_gutenberg_icon_type":"","sfsi_plus_gutenberg_icon_alignemt":"","sfsi_plus_gutenburg_max_per_row":"","footnotes":""},"categories":[11],"tags":[],"class_list":["post-131554","post","type-post","status-publish","format-standard","has-post-thumbnail","hentry","category-politica"],"_links":{"self":[{"href":"https:\/\/www.caririemacao.com\/1\/wp-json\/wp\/v2\/posts\/131554","targetHints":{"allow":["GET"]}}],"collection":[{"href":"https:\/\/www.caririemacao.com\/1\/wp-json\/wp\/v2\/posts"}],"about":[{"href":"https:\/\/www.caririemacao.com\/1\/wp-json\/wp\/v2\/types\/post"}],"author":[{"embeddable":true,"href":"https:\/\/www.caririemacao.com\/1\/wp-json\/wp\/v2\/users\/1"}],"replies":[{"embeddable":true,"href":"https:\/\/www.caririemacao.com\/1\/wp-json\/wp\/v2\/comments?post=131554"}],"version-history":[{"count":1,"href":"https:\/\/www.caririemacao.com\/1\/wp-json\/wp\/v2\/posts\/131554\/revisions"}],"predecessor-version":[{"id":131556,"href":"https:\/\/www.caririemacao.com\/1\/wp-json\/wp\/v2\/posts\/131554\/revisions\/131556"}],"wp:featuredmedia":[{"embeddable":true,"href":"https:\/\/www.caririemacao.com\/1\/wp-json\/wp\/v2\/media\/123044"}],"wp:attachment":[{"href":"https:\/\/www.caririemacao.com\/1\/wp-json\/wp\/v2\/media?parent=131554"}],"wp:term":[{"taxonomy":"category","embeddable":true,"href":"https:\/\/www.caririemacao.com\/1\/wp-json\/wp\/v2\/categories?post=131554"},{"taxonomy":"post_tag","embeddable":true,"href":"https:\/\/www.caririemacao.com\/1\/wp-json\/wp\/v2\/tags?post=131554"}],"curies":[{"name":"wp","href":"https:\/\/api.w.org\/{rel}","templated":true}]}}