{"id":131605,"date":"2019-10-31T09:30:24","date_gmt":"2019-10-31T12:30:24","guid":{"rendered":"http:\/\/www.caririemacao.com\/1\/?p=131605"},"modified":"2019-10-31T09:30:24","modified_gmt":"2019-10-31T12:30:24","slug":"ele-tocou-no-meu-segredo-diz-crianca-ao-denunciar-abuso-de-idoso","status":"publish","type":"post","link":"https:\/\/www.caririemacao.com\/1\/2019\/10\/31\/ele-tocou-no-meu-segredo-diz-crianca-ao-denunciar-abuso-de-idoso\/","title":{"rendered":"Ele tocou no meu segredo&#8217;, diz crian\u00e7a ao denunciar abuso de idoso"},"content":{"rendered":"\n<p>Um idoso de 64 anos foi preso, na noite desta quarta-feira (30), suspeito de abusar sexualmente de uma menina de 7 anos, em Jo\u00e3o Pessoa, na Para\u00edba. O homem foi flagrado pela m\u00e3e da crian\u00e7a enquanto tocava nas partes \u00edntimas da menina.<br><\/p>\n\n\n\n<p>A crian\u00e7a relatou \u00e0 Pol\u00edcia Civil que chamava o homem de &#8220;v\u00f4zinho&#8221;, e que n\u00e3o era a primeira vez que isso acontecia. Ainda de acordo com a pol\u00edcia a crian\u00e7a relatou que o idoso &#8220;tocou o meu segredo&#8221;. A menina disse que ele come\u00e7ou tocando os p\u00e9s dela, depois as pernas e, em seguida, as partes \u00edntimas.<\/p>\n\n\n\n<p>A delegada Cristiane Medeiros, informou que o homem \u00e9 da cidade de S\u00e3o Paulo e&nbsp; estava visitando Jo\u00e3o Pessoa. Ele seria parente da av\u00f3 da v\u00edtima.<br><\/p>\n\n\n\n<p>O homem foi conduzido para a Delegacia da Mulher, na Central de Pol\u00edcia Civil, em Jo\u00e3o Pessoa.<\/p>\n","protected":false},"excerpt":{"rendered":"<p>Um idoso de 64 anos foi preso, na noite desta quarta-feira (30), suspeito de abusar sexualmente de uma menina de 7 anos, em Jo\u00e3o Pessoa,&hellip; <\/p>\n","protected":false},"author":1,"featured_media":131607,"comment_status":"closed","ping_status":"closed","sticky":false,"template":"","format":"standard","meta":{"sfsi_plus_gutenberg_text_before_share":"","sfsi_plus_gutenberg_show_text_before_share":"","sfsi_plus_gutenberg_icon_type":"","sfsi_plus_gutenberg_icon_alignemt":"","sfsi_plus_gutenburg_max_per_row":"","footnotes":""},"categories":[12],"tags":[],"class_list":["post-131605","post","type-post","status-publish","format-standard","has-post-thumbnail","hentry","category-policia"],"_links":{"self":[{"href":"https:\/\/www.caririemacao.com\/1\/wp-json\/wp\/v2\/posts\/131605","targetHints":{"allow":["GET"]}}],"collection":[{"href":"https:\/\/www.caririemacao.com\/1\/wp-json\/wp\/v2\/posts"}],"about":[{"href":"https:\/\/www.caririemacao.com\/1\/wp-json\/wp\/v2\/types\/post"}],"author":[{"embeddable":true,"href":"https:\/\/www.caririemacao.com\/1\/wp-json\/wp\/v2\/users\/1"}],"replies":[{"embeddable":true,"href":"https:\/\/www.caririemacao.com\/1\/wp-json\/wp\/v2\/comments?post=131605"}],"version-history":[{"count":1,"href":"https:\/\/www.caririemacao.com\/1\/wp-json\/wp\/v2\/posts\/131605\/revisions"}],"predecessor-version":[{"id":131608,"href":"https:\/\/www.caririemacao.com\/1\/wp-json\/wp\/v2\/posts\/131605\/revisions\/131608"}],"wp:featuredmedia":[{"embeddable":true,"href":"https:\/\/www.caririemacao.com\/1\/wp-json\/wp\/v2\/media\/131607"}],"wp:attachment":[{"href":"https:\/\/www.caririemacao.com\/1\/wp-json\/wp\/v2\/media?parent=131605"}],"wp:term":[{"taxonomy":"category","embeddable":true,"href":"https:\/\/www.caririemacao.com\/1\/wp-json\/wp\/v2\/categories?post=131605"},{"taxonomy":"post_tag","embeddable":true,"href":"https:\/\/www.caririemacao.com\/1\/wp-json\/wp\/v2\/tags?post=131605"}],"curies":[{"name":"wp","href":"https:\/\/api.w.org\/{rel}","templated":true}]}}