{"id":131613,"date":"2019-10-31T09:33:30","date_gmt":"2019-10-31T12:33:30","guid":{"rendered":"http:\/\/www.caririemacao.com\/1\/?p=131613"},"modified":"2019-10-31T09:33:30","modified_gmt":"2019-10-31T12:33:30","slug":"joao-azevedo-qualifica-mais-uma-organizacao-social-apta-a-gerir-servico-de-saude-na-paraiba","status":"publish","type":"post","link":"https:\/\/www.caririemacao.com\/1\/2019\/10\/31\/joao-azevedo-qualifica-mais-uma-organizacao-social-apta-a-gerir-servico-de-saude-na-paraiba\/","title":{"rendered":"Jo\u00e3o Azev\u00eado qualifica mais uma organiza\u00e7\u00e3o social apta a gerir servi\u00e7o de sa\u00fade na Para\u00edba"},"content":{"rendered":"\n<p>O governador da Para\u00edba, Jo\u00e3o Azev\u00eado, qualificou, como organiza\u00e7\u00e3o social da \u00e1rea da sa\u00fade, o Instituto de Apoio a Gest\u00e3o P\u00fablica (IAG).&nbsp;<\/p>\n\n\n\n<p>Com a qualifica\u00e7\u00e3o, que foi publicada em decreto no Di\u00e1rio Oficial do Estado (DOE) desta quinta-feira (31), o IAG fica apto a celebrar contrato de gest\u00e3o com o Estado da Para\u00edba, por interm\u00e9dio da Secretaria de Estado da Sa\u00fade.&nbsp;<\/p>\n\n\n\n<p>O decreto j\u00e1 est\u00e1 em vigor.<\/p>\n","protected":false},"excerpt":{"rendered":"<p>O governador da Para\u00edba, Jo\u00e3o Azev\u00eado, qualificou, como organiza\u00e7\u00e3o social da \u00e1rea da sa\u00fade, o Instituto de Apoio a Gest\u00e3o P\u00fablica (IAG).&nbsp; Com a qualifica\u00e7\u00e3o,&hellip; <\/p>\n","protected":false},"author":1,"featured_media":124197,"comment_status":"closed","ping_status":"closed","sticky":false,"template":"","format":"standard","meta":{"sfsi_plus_gutenberg_text_before_share":"","sfsi_plus_gutenberg_show_text_before_share":"","sfsi_plus_gutenberg_icon_type":"","sfsi_plus_gutenberg_icon_alignemt":"","sfsi_plus_gutenburg_max_per_row":"","footnotes":""},"categories":[2],"tags":[],"class_list":["post-131613","post","type-post","status-publish","format-standard","has-post-thumbnail","hentry","category-geral"],"_links":{"self":[{"href":"https:\/\/www.caririemacao.com\/1\/wp-json\/wp\/v2\/posts\/131613","targetHints":{"allow":["GET"]}}],"collection":[{"href":"https:\/\/www.caririemacao.com\/1\/wp-json\/wp\/v2\/posts"}],"about":[{"href":"https:\/\/www.caririemacao.com\/1\/wp-json\/wp\/v2\/types\/post"}],"author":[{"embeddable":true,"href":"https:\/\/www.caririemacao.com\/1\/wp-json\/wp\/v2\/users\/1"}],"replies":[{"embeddable":true,"href":"https:\/\/www.caririemacao.com\/1\/wp-json\/wp\/v2\/comments?post=131613"}],"version-history":[{"count":1,"href":"https:\/\/www.caririemacao.com\/1\/wp-json\/wp\/v2\/posts\/131613\/revisions"}],"predecessor-version":[{"id":131615,"href":"https:\/\/www.caririemacao.com\/1\/wp-json\/wp\/v2\/posts\/131613\/revisions\/131615"}],"wp:featuredmedia":[{"embeddable":true,"href":"https:\/\/www.caririemacao.com\/1\/wp-json\/wp\/v2\/media\/124197"}],"wp:attachment":[{"href":"https:\/\/www.caririemacao.com\/1\/wp-json\/wp\/v2\/media?parent=131613"}],"wp:term":[{"taxonomy":"category","embeddable":true,"href":"https:\/\/www.caririemacao.com\/1\/wp-json\/wp\/v2\/categories?post=131613"},{"taxonomy":"post_tag","embeddable":true,"href":"https:\/\/www.caririemacao.com\/1\/wp-json\/wp\/v2\/tags?post=131613"}],"curies":[{"name":"wp","href":"https:\/\/api.w.org\/{rel}","templated":true}]}}