{"id":131624,"date":"2019-10-31T09:36:14","date_gmt":"2019-10-31T12:36:14","guid":{"rendered":"http:\/\/www.caririemacao.com\/1\/?p=131624"},"modified":"2019-10-31T09:36:14","modified_gmt":"2019-10-31T12:36:14","slug":"neymar-nao-paga-r-50-mil-pelo-parto-do-filho-apos-oito-anos-e-medico-pede-pericia","status":"publish","type":"post","link":"https:\/\/www.caririemacao.com\/1\/2019\/10\/31\/neymar-nao-paga-r-50-mil-pelo-parto-do-filho-apos-oito-anos-e-medico-pede-pericia\/","title":{"rendered":"Neymar n\u00e3o paga R$ 50 mil pelo parto do filho ap\u00f3s oito anos, e m\u00e9dico pede per\u00edcia"},"content":{"rendered":"\n<p>O processo envolvendo os custos do parto do filho de Neymar, 27, Davi Lucca, 8, ganhou mais um cap\u00edtulo. O m\u00e9dico Herbert Kramer pediu que a Justi\u00e7a nomeasse um perito para definir quanto ele ainda deve receber. O valor inicial era R$ 51 mil, mas levava em conta os honor\u00e1rios de dois profissionais que atuaram com ele durante o procedimento.&nbsp;<\/p>\n\n\n\n<p>Segundo o blog de Ricardo Perrone, colunista do UOL, a quest\u00e3o voltou a ser discutida porque a defesa da m\u00e3e de Davi, Carol Dantas, 26, argumentou que o parto do segundo filho dela -que nasceu no \u00faltimo m\u00eas de setembro- foi acertado em R$ 15 mil. Para os advogados, isso prova que o valor cobrado por Kramer em 2011 foi excessivo.<\/p>\n\n\n\n<p>O obstetra afirma que o valor n\u00e3o \u00e9 referente apenas ao parto, mas inclui os tr\u00eas dias que o profissional teve que manter o consult\u00f3rio em Santos fechado para ficar exclusivamente com Carol, atendendo a um pedido dos pais do garoto. Al\u00e9m disso, est\u00e1 sendo cobrada a despesa com deslocamento entre a cidade do litoral de S\u00e3o Paulo e a capital paulista.&nbsp;<\/p>\n\n\n\n<p>Outra quest\u00e3o apontada pelo m\u00e9dico \u00e9 que o valor pago ao profissional que fez o parto do irm\u00e3o de Davi Lucca \u00e9 inferior ao que foi acordado pela Justi\u00e7a a ser pago a sua assistente no parto. Segundo o argumento, n\u00e3o faz sentido que o m\u00e9dico receba menos do que aqueles que trabalharam para ele. Procurada, a assessoria do jogador do PSG n\u00e3o se manifestou at\u00e9 o momento.&nbsp;<\/p>\n","protected":false},"excerpt":{"rendered":"<p>O processo envolvendo os custos do parto do filho de Neymar, 27, Davi Lucca, 8, ganhou mais um cap\u00edtulo. O m\u00e9dico Herbert Kramer pediu que&hellip; <\/p>\n","protected":false},"author":1,"featured_media":1107,"comment_status":"closed","ping_status":"closed","sticky":false,"template":"","format":"standard","meta":{"sfsi_plus_gutenberg_text_before_share":"","sfsi_plus_gutenberg_show_text_before_share":"","sfsi_plus_gutenberg_icon_type":"","sfsi_plus_gutenberg_icon_alignemt":"","sfsi_plus_gutenburg_max_per_row":"","footnotes":""},"categories":[2],"tags":[],"class_list":["post-131624","post","type-post","status-publish","format-standard","has-post-thumbnail","hentry","category-geral"],"_links":{"self":[{"href":"https:\/\/www.caririemacao.com\/1\/wp-json\/wp\/v2\/posts\/131624","targetHints":{"allow":["GET"]}}],"collection":[{"href":"https:\/\/www.caririemacao.com\/1\/wp-json\/wp\/v2\/posts"}],"about":[{"href":"https:\/\/www.caririemacao.com\/1\/wp-json\/wp\/v2\/types\/post"}],"author":[{"embeddable":true,"href":"https:\/\/www.caririemacao.com\/1\/wp-json\/wp\/v2\/users\/1"}],"replies":[{"embeddable":true,"href":"https:\/\/www.caririemacao.com\/1\/wp-json\/wp\/v2\/comments?post=131624"}],"version-history":[{"count":1,"href":"https:\/\/www.caririemacao.com\/1\/wp-json\/wp\/v2\/posts\/131624\/revisions"}],"predecessor-version":[{"id":131626,"href":"https:\/\/www.caririemacao.com\/1\/wp-json\/wp\/v2\/posts\/131624\/revisions\/131626"}],"wp:featuredmedia":[{"embeddable":true,"href":"https:\/\/www.caririemacao.com\/1\/wp-json\/wp\/v2\/media\/1107"}],"wp:attachment":[{"href":"https:\/\/www.caririemacao.com\/1\/wp-json\/wp\/v2\/media?parent=131624"}],"wp:term":[{"taxonomy":"category","embeddable":true,"href":"https:\/\/www.caririemacao.com\/1\/wp-json\/wp\/v2\/categories?post=131624"},{"taxonomy":"post_tag","embeddable":true,"href":"https:\/\/www.caririemacao.com\/1\/wp-json\/wp\/v2\/tags?post=131624"}],"curies":[{"name":"wp","href":"https:\/\/api.w.org\/{rel}","templated":true}]}}