{"id":131629,"date":"2019-10-31T09:39:18","date_gmt":"2019-10-31T12:39:18","guid":{"rendered":"http:\/\/www.caririemacao.com\/1\/?p=131629"},"modified":"2019-10-31T09:39:18","modified_gmt":"2019-10-31T12:39:18","slug":"taxa-de-desemprego-no-brasil-cai-para-118-revela-ibge","status":"publish","type":"post","link":"https:\/\/www.caririemacao.com\/1\/2019\/10\/31\/taxa-de-desemprego-no-brasil-cai-para-118-revela-ibge\/","title":{"rendered":"Taxa de desemprego no Brasil cai para 11,8%, revela IBGE"},"content":{"rendered":"\n<p>A taxa de desocupa\u00e7\u00e3o no Brasil fechou o trimestre m\u00f3vel encerrado em setembro em 11,8%, uma leve queda em rela\u00e7\u00e3o tanto ao trimestre anterior, finalizado em junho, quando 12% da popula\u00e7\u00e3o estavam sem trabalho, quanto ao trimestre que acabou em setembro do ano passado (11,9%).Os dados foram apresentados hoje (31), no Rio de Janeiro, pelo Instituto Brasileiro de Geografia e Estat\u00edstica (IBGE) e fazem parte da Pesquisa Nacional por Amostra de Domic\u00edlios Cont\u00ednua (Pnad Cont\u00ednua).O contingente de desocupados soma 12,5 milh\u00f5es de pessoas, uma diminui\u00e7\u00e3o de 251 mil pessoas. J\u00e1 a popula\u00e7\u00e3o ocupada atingiu 93,8 milh\u00f5es, um aumento de 459 mil pessoas.A popula\u00e7\u00e3o fora da for\u00e7a de trabalho permaneceu est\u00e1vel, com 64,8 milh\u00f5es de pessoas. J\u00e1 a taxa de subutiliza\u00e7\u00e3o ficou em 24%, uma redu\u00e7\u00e3o de 0,8 ponto percentual em rela\u00e7\u00e3o ao trimestre anterior, somando 27,5 milh\u00f5es de pessoas que gostariam de trabalhar mais horas do que atualmente.A popula\u00e7\u00e3o desalentada, que s\u00e3o pessoas que desistiram de procurar trabalho, soma 4,7 milh\u00f5es de pessoas, um recuo de 3,6%.<\/p>\n","protected":false},"excerpt":{"rendered":"<p>A taxa de desocupa\u00e7\u00e3o no Brasil fechou o trimestre m\u00f3vel encerrado em setembro em 11,8%, uma leve queda em rela\u00e7\u00e3o tanto ao trimestre anterior, finalizado&hellip; <\/p>\n","protected":false},"author":1,"featured_media":120078,"comment_status":"closed","ping_status":"closed","sticky":false,"template":"","format":"standard","meta":{"sfsi_plus_gutenberg_text_before_share":"","sfsi_plus_gutenberg_show_text_before_share":"","sfsi_plus_gutenberg_icon_type":"","sfsi_plus_gutenberg_icon_alignemt":"","sfsi_plus_gutenburg_max_per_row":"","footnotes":""},"categories":[2],"tags":[],"class_list":["post-131629","post","type-post","status-publish","format-standard","has-post-thumbnail","hentry","category-geral"],"_links":{"self":[{"href":"https:\/\/www.caririemacao.com\/1\/wp-json\/wp\/v2\/posts\/131629","targetHints":{"allow":["GET"]}}],"collection":[{"href":"https:\/\/www.caririemacao.com\/1\/wp-json\/wp\/v2\/posts"}],"about":[{"href":"https:\/\/www.caririemacao.com\/1\/wp-json\/wp\/v2\/types\/post"}],"author":[{"embeddable":true,"href":"https:\/\/www.caririemacao.com\/1\/wp-json\/wp\/v2\/users\/1"}],"replies":[{"embeddable":true,"href":"https:\/\/www.caririemacao.com\/1\/wp-json\/wp\/v2\/comments?post=131629"}],"version-history":[{"count":1,"href":"https:\/\/www.caririemacao.com\/1\/wp-json\/wp\/v2\/posts\/131629\/revisions"}],"predecessor-version":[{"id":131633,"href":"https:\/\/www.caririemacao.com\/1\/wp-json\/wp\/v2\/posts\/131629\/revisions\/131633"}],"wp:featuredmedia":[{"embeddable":true,"href":"https:\/\/www.caririemacao.com\/1\/wp-json\/wp\/v2\/media\/120078"}],"wp:attachment":[{"href":"https:\/\/www.caririemacao.com\/1\/wp-json\/wp\/v2\/media?parent=131629"}],"wp:term":[{"taxonomy":"category","embeddable":true,"href":"https:\/\/www.caririemacao.com\/1\/wp-json\/wp\/v2\/categories?post=131629"},{"taxonomy":"post_tag","embeddable":true,"href":"https:\/\/www.caririemacao.com\/1\/wp-json\/wp\/v2\/tags?post=131629"}],"curies":[{"name":"wp","href":"https:\/\/api.w.org\/{rel}","templated":true}]}}