{"id":131641,"date":"2019-10-31T11:44:24","date_gmt":"2019-10-31T14:44:24","guid":{"rendered":"http:\/\/www.caririemacao.com\/1\/?p=131641"},"modified":"2019-10-31T11:44:24","modified_gmt":"2019-10-31T14:44:24","slug":"juventude-de-gurjao-se-prepara-para-mais-uma-edicao-do-desperta-jovem","status":"publish","type":"post","link":"https:\/\/www.caririemacao.com\/1\/2019\/10\/31\/juventude-de-gurjao-se-prepara-para-mais-uma-edicao-do-desperta-jovem\/","title":{"rendered":"Juventude de Gurj\u00e3o se prepara para mais uma edi\u00e7\u00e3o do Desperta Jovem"},"content":{"rendered":"\n<p>No pr\u00f3ximo domingo dia 17 de novembro acontece mais uma edi\u00e7\u00e3o do Desperta Jovem em Gurj\u00e3o. O evento que est\u00e1 na quarta edi\u00e7\u00e3o e j\u00e1 se consolidou no munic\u00edpio reunir\u00e1 a juventude da regi\u00e3o do Cariri para participar de uma programa\u00e7\u00e3o com momentos de louvor, adora\u00e7\u00e3o, palestras e muito mais.<\/p>\n\n\n\n<p>Esse ano o Desperta vai debater o tema O amor acredita em mim. O objetivo \u00e9 fazer com que os jovens recordem que ningu\u00e9m tem amor maior que o pr\u00f3prio Cristo que deu a vida para nos salvar. Durante a programa\u00e7\u00e3o, convidados especiais de v\u00e1rias par\u00f3quias da Diocese de Campina Grande v\u00e3o contribuir na evangeliza\u00e7\u00e3o do p\u00fablico que for prestigiar o evento.<\/p>\n\n\n\n<div class=\"wp-block-image\"><figure class=\"aligncenter\"><img decoding=\"async\" data-src=\"http:\/\/deolhonocariri.com.br\/wp-content\/uploads\/2019\/10\/71891833_398347241119785_5592049657069961216_n-600x411.jpg\" alt=\"\" class=\"wp-image-73605 lazyload\" src=\"data:image\/svg+xml;base64,PHN2ZyB3aWR0aD0iMSIgaGVpZ2h0PSIxIiB4bWxucz0iaHR0cDovL3d3dy53My5vcmcvMjAwMC9zdmciPjwvc3ZnPg==\" style=\"--smush-placeholder-width: 600px; --smush-placeholder-aspect-ratio: 600\/411;\" \/><\/figure><\/div>\n\n\n\n<p>Para que um encontro como esse aconte\u00e7a \u00e9 necess\u00e1rio que os jovens se organizem meses antes. A expectativa \u00e9 receber caravanas de diversas cidades circunvizinhas e para acolher a todos a juventude gurjaoense se dividiu em equipes e est\u00e1 preparando tudo com apoio do P\u00e1roco Padre Dorivaldo e de outros movimentos e pastorais da cidade.<\/p>\n","protected":false},"excerpt":{"rendered":"<p>No pr\u00f3ximo domingo dia 17 de novembro acontece mais uma edi\u00e7\u00e3o do Desperta Jovem em Gurj\u00e3o. O evento que est\u00e1 na quarta edi\u00e7\u00e3o e j\u00e1&hellip; <\/p>\n","protected":false},"author":1,"featured_media":131643,"comment_status":"closed","ping_status":"closed","sticky":false,"template":"","format":"standard","meta":{"sfsi_plus_gutenberg_text_before_share":"","sfsi_plus_gutenberg_show_text_before_share":"","sfsi_plus_gutenberg_icon_type":"","sfsi_plus_gutenberg_icon_alignemt":"","sfsi_plus_gutenburg_max_per_row":"","footnotes":""},"categories":[2],"tags":[],"class_list":["post-131641","post","type-post","status-publish","format-standard","has-post-thumbnail","hentry","category-geral"],"_links":{"self":[{"href":"https:\/\/www.caririemacao.com\/1\/wp-json\/wp\/v2\/posts\/131641","targetHints":{"allow":["GET"]}}],"collection":[{"href":"https:\/\/www.caririemacao.com\/1\/wp-json\/wp\/v2\/posts"}],"about":[{"href":"https:\/\/www.caririemacao.com\/1\/wp-json\/wp\/v2\/types\/post"}],"author":[{"embeddable":true,"href":"https:\/\/www.caririemacao.com\/1\/wp-json\/wp\/v2\/users\/1"}],"replies":[{"embeddable":true,"href":"https:\/\/www.caririemacao.com\/1\/wp-json\/wp\/v2\/comments?post=131641"}],"version-history":[{"count":1,"href":"https:\/\/www.caririemacao.com\/1\/wp-json\/wp\/v2\/posts\/131641\/revisions"}],"predecessor-version":[{"id":131644,"href":"https:\/\/www.caririemacao.com\/1\/wp-json\/wp\/v2\/posts\/131641\/revisions\/131644"}],"wp:featuredmedia":[{"embeddable":true,"href":"https:\/\/www.caririemacao.com\/1\/wp-json\/wp\/v2\/media\/131643"}],"wp:attachment":[{"href":"https:\/\/www.caririemacao.com\/1\/wp-json\/wp\/v2\/media?parent=131641"}],"wp:term":[{"taxonomy":"category","embeddable":true,"href":"https:\/\/www.caririemacao.com\/1\/wp-json\/wp\/v2\/categories?post=131641"},{"taxonomy":"post_tag","embeddable":true,"href":"https:\/\/www.caririemacao.com\/1\/wp-json\/wp\/v2\/tags?post=131641"}],"curies":[{"name":"wp","href":"https:\/\/api.w.org\/{rel}","templated":true}]}}