{"id":131649,"date":"2019-10-31T11:46:48","date_gmt":"2019-10-31T14:46:48","guid":{"rendered":"http:\/\/www.caririemacao.com\/1\/?p=131649"},"modified":"2019-10-31T12:54:02","modified_gmt":"2019-10-31T15:54:02","slug":"populacao-de-sume-recebe-orientacoes-sobre-educacao-financeira","status":"publish","type":"post","link":"https:\/\/www.caririemacao.com\/1\/2019\/10\/31\/populacao-de-sume-recebe-orientacoes-sobre-educacao-financeira\/","title":{"rendered":"Popula\u00e7\u00e3o de Sum\u00e9 recebe orienta\u00e7\u00f5es sobre educa\u00e7\u00e3o financeira"},"content":{"rendered":"\n<p>Cerca de 60 pessoas, entre empres\u00e1rios, comerciantes e populares participaram na noite desta quarta-feira (30) de uma palestra sobre Educa\u00e7\u00e3o Financeira com o consultor do Sebrae, Rosalvo de Menezes Filho.<\/p>\n\n\n\n<p>O evento foi uma iniciativa do Sum\u00e9 Shopping, em parceria com a Sala do Empreendedor.<\/p>\n\n\n\n<p>Segundo o diretor do Shopping, Williams Martinho, a proposta do evento foi que a popula\u00e7\u00e3o possa estar cada vez mais preparada para consumir de forma sustent\u00e1vel, melhorar a qualidade de vida, al\u00e9m de fomentar aos empres\u00e1rios, novas oportunidades de neg\u00f3cios.<\/p>\n\n\n\n<p>A palestra faz parte ainda de um ciclo de capacita\u00e7\u00f5es que est\u00e1 sendo realizado para os empres\u00e1rios do munic\u00edpio para que o desenvolvimento seja compartilhado e a economia seja fomentada na regi\u00e3o e est\u00e1 dentro da programa\u00e7\u00e3o da Semana Nacional de Cr\u00e9dito.<\/p>\n\n\n\n<p>No evento estiveram presentes o Banco do Nordeste, o CredAmigo, a Cooperativa de Cr\u00e9dito Sicoob, a Caixa Econ\u00f4mica Federal para apresentar as linhas de cr\u00e9ditos dispon\u00edveis aos empres\u00e1rios e microempreendedores.<\/p>\n","protected":false},"excerpt":{"rendered":"<p>Cerca de 60 pessoas, entre empres\u00e1rios, comerciantes e populares participaram na noite desta quarta-feira (30) de uma palestra sobre Educa\u00e7\u00e3o Financeira com o consultor do&hellip; <\/p>\n","protected":false},"author":1,"featured_media":131662,"comment_status":"closed","ping_status":"closed","sticky":false,"template":"","format":"standard","meta":{"sfsi_plus_gutenberg_text_before_share":"","sfsi_plus_gutenberg_show_text_before_share":"","sfsi_plus_gutenberg_icon_type":"","sfsi_plus_gutenberg_icon_alignemt":"","sfsi_plus_gutenburg_max_per_row":"","footnotes":""},"categories":[2],"tags":[],"class_list":["post-131649","post","type-post","status-publish","format-standard","has-post-thumbnail","hentry","category-geral"],"_links":{"self":[{"href":"https:\/\/www.caririemacao.com\/1\/wp-json\/wp\/v2\/posts\/131649","targetHints":{"allow":["GET"]}}],"collection":[{"href":"https:\/\/www.caririemacao.com\/1\/wp-json\/wp\/v2\/posts"}],"about":[{"href":"https:\/\/www.caririemacao.com\/1\/wp-json\/wp\/v2\/types\/post"}],"author":[{"embeddable":true,"href":"https:\/\/www.caririemacao.com\/1\/wp-json\/wp\/v2\/users\/1"}],"replies":[{"embeddable":true,"href":"https:\/\/www.caririemacao.com\/1\/wp-json\/wp\/v2\/comments?post=131649"}],"version-history":[{"count":2,"href":"https:\/\/www.caririemacao.com\/1\/wp-json\/wp\/v2\/posts\/131649\/revisions"}],"predecessor-version":[{"id":131663,"href":"https:\/\/www.caririemacao.com\/1\/wp-json\/wp\/v2\/posts\/131649\/revisions\/131663"}],"wp:featuredmedia":[{"embeddable":true,"href":"https:\/\/www.caririemacao.com\/1\/wp-json\/wp\/v2\/media\/131662"}],"wp:attachment":[{"href":"https:\/\/www.caririemacao.com\/1\/wp-json\/wp\/v2\/media?parent=131649"}],"wp:term":[{"taxonomy":"category","embeddable":true,"href":"https:\/\/www.caririemacao.com\/1\/wp-json\/wp\/v2\/categories?post=131649"},{"taxonomy":"post_tag","embeddable":true,"href":"https:\/\/www.caririemacao.com\/1\/wp-json\/wp\/v2\/tags?post=131649"}],"curies":[{"name":"wp","href":"https:\/\/api.w.org\/{rel}","templated":true}]}}