{"id":131664,"date":"2019-10-31T13:37:03","date_gmt":"2019-10-31T16:37:03","guid":{"rendered":"http:\/\/www.caririemacao.com\/1\/?p=131664"},"modified":"2019-10-31T13:37:03","modified_gmt":"2019-10-31T16:37:03","slug":"abertas-em-sume-inscricoes-do-paraibatec-para-curso-de-formacao-continuada","status":"publish","type":"post","link":"https:\/\/www.caririemacao.com\/1\/2019\/10\/31\/abertas-em-sume-inscricoes-do-paraibatec-para-curso-de-formacao-continuada\/","title":{"rendered":"Abertas em Sum\u00e9 Inscri\u00e7\u00f5es do PARAIBATEC para Curso de Forma\u00e7\u00e3o Continuada"},"content":{"rendered":"\n<p>A Prefeitura de Sum\u00e9 informa que est\u00e3o abertas as inscri\u00e7\u00f5es para os Cursos de Forma\u00e7\u00e3o Inicial Continuada (FIC) \u2013 PARAIBATEC, do Governo do Estado da Para\u00edba.<\/p>\n\n\n\n<p>De acordo com o edital s\u00e3o ofertadas oportunidades nas \u00e1reas de Bombeiro Civil, Cuidador de Idoso, Assistente Administrativo, Cuidador Infantil, Microempreendedor Individual (MEI), Gar\u00e7om, Organizador de Eventos, Agentes de Informa\u00e7\u00f5es Tur\u00edstica, Operador de Caixa, Ingl\u00eas B\u00e1sico e Balconista de Farm\u00e1cia. Lembrando que o curso s\u00f3 acontecer\u00e1 se houver forma\u00e7\u00e3o de turma.<\/p>\n\n\n\n<p>Poder\u00e3o participar do Processo Seletivo, candidatos com o Ensino Fundamental II e idade a partir de 16 anos completos no in\u00edcio das aulas. As inscri\u00e7\u00f5es s\u00e3o gratuitas e ocorrer\u00e3o no per\u00edodo de 04 de novembro a 30 de novembro de 2019, at\u00e9 23h59min, atrav\u00e9s do site:&nbsp;<a href=\"http:\/\/www.paraibatec.pb.gov.br\/\">www.paraibatec.pb.gov.br<\/a>.<\/p>\n\n\n\n<p>O Programa de educa\u00e7\u00e3o profissional e tecnol\u00f3gica da Para\u00edba visa incentivar a melhoria da qualidade do ensino na modalidade de educa\u00e7\u00e3o de jovens e adultos.<\/p>\n\n\n\n<p>Em Sum\u00e9, os Cursos de Forma\u00e7\u00e3o Inicial Continuada (FIC) \u2013 PARAIBATEC ocorrer\u00e3o na Escola de Ensino Integral Professor Jos\u00e9 Gon\u00e7alves de Queiroz.<\/p>\n\n\n\n<p>Desde que assumiu o governo municipal, o prefeito \u00c9den Duarte tem feito parcerias com diversas institui\u00e7\u00f5es de ensino t\u00e9cnico e superior para que os sumeenses tenham a oportunidade de se qualificar para o mercado de trabalho. Somente atrav\u00e9s do FIC, quatro turmas j\u00e1 foram conclu\u00eddas em Sum\u00e9, com um n\u00famero de 120 alunos formados.<\/p>\n\n\n\n<p>Todas as informa\u00e7\u00f5es sobre o processo seletivo em quest\u00e3o e quais os documentos necess\u00e1rios para se inscrever constam no&nbsp;<a href=\"http:\/\/www.sume.pb.gov.br\/wp-content\/uploads\/2019\/10\/EDITAL-033_2019-PARAIBATEC-PSS-ALUNOS-PARA-CURSOS-FIC.pdf\">EDITAL 033_2019 \u2013 PARAIBATEC- PSS ALUNOS \u2013 PARA CURSOS FIC<\/a>.<\/p>\n\n\n\n<p>Ascom PMS<\/p>\n","protected":false},"excerpt":{"rendered":"<p>A Prefeitura de Sum\u00e9 informa que est\u00e3o abertas as inscri\u00e7\u00f5es para os Cursos de Forma\u00e7\u00e3o Inicial Continuada (FIC) \u2013 PARAIBATEC, do Governo do Estado da&hellip; <\/p>\n","protected":false},"author":1,"featured_media":131666,"comment_status":"closed","ping_status":"closed","sticky":false,"template":"","format":"standard","meta":{"sfsi_plus_gutenberg_text_before_share":"","sfsi_plus_gutenberg_show_text_before_share":"","sfsi_plus_gutenberg_icon_type":"","sfsi_plus_gutenberg_icon_alignemt":"","sfsi_plus_gutenburg_max_per_row":"","footnotes":""},"categories":[50,14],"tags":[],"class_list":["post-131664","post","type-post","status-publish","format-standard","has-post-thumbnail","hentry","category-destaque","category-educacao"],"_links":{"self":[{"href":"https:\/\/www.caririemacao.com\/1\/wp-json\/wp\/v2\/posts\/131664","targetHints":{"allow":["GET"]}}],"collection":[{"href":"https:\/\/www.caririemacao.com\/1\/wp-json\/wp\/v2\/posts"}],"about":[{"href":"https:\/\/www.caririemacao.com\/1\/wp-json\/wp\/v2\/types\/post"}],"author":[{"embeddable":true,"href":"https:\/\/www.caririemacao.com\/1\/wp-json\/wp\/v2\/users\/1"}],"replies":[{"embeddable":true,"href":"https:\/\/www.caririemacao.com\/1\/wp-json\/wp\/v2\/comments?post=131664"}],"version-history":[{"count":1,"href":"https:\/\/www.caririemacao.com\/1\/wp-json\/wp\/v2\/posts\/131664\/revisions"}],"predecessor-version":[{"id":131667,"href":"https:\/\/www.caririemacao.com\/1\/wp-json\/wp\/v2\/posts\/131664\/revisions\/131667"}],"wp:featuredmedia":[{"embeddable":true,"href":"https:\/\/www.caririemacao.com\/1\/wp-json\/wp\/v2\/media\/131666"}],"wp:attachment":[{"href":"https:\/\/www.caririemacao.com\/1\/wp-json\/wp\/v2\/media?parent=131664"}],"wp:term":[{"taxonomy":"category","embeddable":true,"href":"https:\/\/www.caririemacao.com\/1\/wp-json\/wp\/v2\/categories?post=131664"},{"taxonomy":"post_tag","embeddable":true,"href":"https:\/\/www.caririemacao.com\/1\/wp-json\/wp\/v2\/tags?post=131664"}],"curies":[{"name":"wp","href":"https:\/\/api.w.org\/{rel}","templated":true}]}}