{"id":131674,"date":"2019-10-31T13:48:21","date_gmt":"2019-10-31T16:48:21","guid":{"rendered":"http:\/\/www.caririemacao.com\/1\/?p=131674"},"modified":"2019-10-31T13:48:21","modified_gmt":"2019-10-31T16:48:21","slug":"juiza-pede-que-fachin-autorize-ida-de-lula-ao-semiaberto","status":"publish","type":"post","link":"https:\/\/www.caririemacao.com\/1\/2019\/10\/31\/juiza-pede-que-fachin-autorize-ida-de-lula-ao-semiaberto\/","title":{"rendered":"Ju\u00edza pede que Fachin autorize ida de Lula ao semiaberto"},"content":{"rendered":"\n<p>A ju\u00edza Carolina Lebbos , da 12\u00aa Vara Federal de Curitiba, respons\u00e1vel pela execu\u00e7\u00e3o da pena do ex-presidente Luiz In\u00e1cio Lula da Silva , transferiu a ministro Edson Fachin , do Supremo Tribunal Federa l ( STF ), a delibera\u00e7\u00e3o sobre a progress\u00e3o de regime do petista para o semiaberto. Lula, no entanto, poder\u00e1 sair da pris\u00e3o antes de uma decis\u00e3o de Fachin , j\u00e1 que o Supremo decidir\u00e1 no pr\u00f3ximo dia 7 sobre a possibilidade de pris\u00e3o ap\u00f3s condena\u00e7\u00e3o em segunda inst\u00e2ncia , o que mant\u00e9m Lula na cadeia.<\/p>\n\n\n\n<p>Em decis\u00e3o publicada na noite desta quarta-feira, a magistrada afirmou que o ex-presidente cumpre os requisitos necess\u00e1rios para deixar a pris\u00e3o e que deve ir para o regime semiaberto. Contudo, apontou que uma decis\u00e3o de Fachin em uma peti\u00e7\u00e3o feita pela defesa de Lula no Supremo a impede de determinar a progress\u00e3o da pena sem autoriza\u00e7\u00e3o do Supremo.<\/p>\n\n\n\n<p>Na ocasi\u00e3o, os advogados de Lula recorreram ao STF para evitar a transfer\u00eancia do ex-presidente a um pres\u00eddio de S\u00e3o Paulo. A liminar foi aceita pelo ministro Edson Fachin. Na decis\u00e3o, ele explicitou que, at\u00e9 outra decis\u00e3o em contr\u00e1rio,Lula teria o direito de permanecer preso &#8220;em sala reservada, instalada na referida Superintend\u00eancia da Pol\u00edcia Federal no Paran\u00e1, na qual atualmente se encontra&#8221;.<\/p>\n\n\n\n<p>Segundo a ju\u00edza Carolina Lebbos, n\u00e3o h\u00e1 elementos que a permitem decidir que essa determina\u00e7\u00e3o do ministro deixou de valer.<\/p>\n\n\n\n<p>&#8220;Desse modo, em respeito \u00e0 decis\u00e3o proferida pelo Supremo Tribunal Federal, determino a expedi\u00e7\u00e3o de Of\u00edcio ao Ministro Edson Fachin comunicando o reconhecimento do preenchimento dos requisitos para a progress\u00e3o de regime, mantendo por ora o apenado no estabelecimento em que est\u00e1 cumprindo pena, at\u00e9 (posterior) delibera\u00e7\u00e3o da Corte Superior&#8221;, determinou Lebbos.<\/p>\n\n\n\n<p>Em sua decis\u00e3o, Lebbos afirmou, no entanto, que Lula n\u00e3o pode se recusar a progredir de regime. A magistrada chegou at\u00e9 mesmo a afirmar que na\u00f5 enxergava raz\u00f5es f\u00e1ticas ou juridicamente l\u00f3gicas e razo\u00e1veis para a defesa recusar a progress\u00e3o de pena.<\/p>\n\n\n\n<p>Segundo a ju\u00edza, passar do regime fechado para o regime semiaberto n\u00e3o \u00e9 uma escolha do condenado, mas uma imposi\u00e7\u00e3o da lei. A magistrada destacou que o cumprimento da pena n\u00e3o \u00e9 uma negocia\u00e7\u00e3o entre o Estado e o preso, mas de uma situa\u00e7\u00e3o que \u00e9 consequ\u00eancia de uma condena\u00e7\u00e3o, resultado de um crime.<\/p>\n\n\n\n<p>&#8220;Desse modo, preenchidos os requisitos legais, cab\u00edvel a progress\u00e3o ao regime semiaberto de cumprimento da pena privativa de liberdade&#8221;, escreveu a ju\u00edza.<\/p>\n\n\n\n<p>A ida de Lula ao regime semiaberto foi pedida pelos procuradores da for\u00e7a-tarefa da Lava-Jato, j\u00e1 que o presidente cumpriu 1\/6 da pena \u00e0 qual j\u00e1 tem condena\u00e7\u00e3o em segunda inst\u00e2ncia. O ex-presidente, no entanto, n\u00e3o quer deixar a pris\u00e3o. O petista afirma que s\u00f3 deseja sair da cadeia com a anula\u00e7\u00e3o de suas condena\u00e7\u00f5es.<\/p>\n","protected":false},"excerpt":{"rendered":"<p>A ju\u00edza Carolina Lebbos , da 12\u00aa Vara Federal de Curitiba, respons\u00e1vel pela execu\u00e7\u00e3o da pena do ex-presidente Luiz In\u00e1cio Lula da Silva , transferiu&hellip; <\/p>\n","protected":false},"author":1,"featured_media":131151,"comment_status":"closed","ping_status":"closed","sticky":false,"template":"","format":"standard","meta":{"sfsi_plus_gutenberg_text_before_share":"","sfsi_plus_gutenberg_show_text_before_share":"","sfsi_plus_gutenberg_icon_type":"","sfsi_plus_gutenberg_icon_alignemt":"","sfsi_plus_gutenburg_max_per_row":"","footnotes":""},"categories":[50,11],"tags":[],"class_list":["post-131674","post","type-post","status-publish","format-standard","has-post-thumbnail","hentry","category-destaque","category-politica"],"_links":{"self":[{"href":"https:\/\/www.caririemacao.com\/1\/wp-json\/wp\/v2\/posts\/131674","targetHints":{"allow":["GET"]}}],"collection":[{"href":"https:\/\/www.caririemacao.com\/1\/wp-json\/wp\/v2\/posts"}],"about":[{"href":"https:\/\/www.caririemacao.com\/1\/wp-json\/wp\/v2\/types\/post"}],"author":[{"embeddable":true,"href":"https:\/\/www.caririemacao.com\/1\/wp-json\/wp\/v2\/users\/1"}],"replies":[{"embeddable":true,"href":"https:\/\/www.caririemacao.com\/1\/wp-json\/wp\/v2\/comments?post=131674"}],"version-history":[{"count":1,"href":"https:\/\/www.caririemacao.com\/1\/wp-json\/wp\/v2\/posts\/131674\/revisions"}],"predecessor-version":[{"id":131676,"href":"https:\/\/www.caririemacao.com\/1\/wp-json\/wp\/v2\/posts\/131674\/revisions\/131676"}],"wp:featuredmedia":[{"embeddable":true,"href":"https:\/\/www.caririemacao.com\/1\/wp-json\/wp\/v2\/media\/131151"}],"wp:attachment":[{"href":"https:\/\/www.caririemacao.com\/1\/wp-json\/wp\/v2\/media?parent=131674"}],"wp:term":[{"taxonomy":"category","embeddable":true,"href":"https:\/\/www.caririemacao.com\/1\/wp-json\/wp\/v2\/categories?post=131674"},{"taxonomy":"post_tag","embeddable":true,"href":"https:\/\/www.caririemacao.com\/1\/wp-json\/wp\/v2\/tags?post=131674"}],"curies":[{"name":"wp","href":"https:\/\/api.w.org\/{rel}","templated":true}]}}