{"id":131685,"date":"2019-10-31T13:52:11","date_gmt":"2019-10-31T16:52:11","guid":{"rendered":"http:\/\/www.caririemacao.com\/1\/?p=131685"},"modified":"2019-10-31T13:52:11","modified_gmt":"2019-10-31T16:52:11","slug":"informalidade-no-trabalho-volta-a-bater-recorde-diz-ibge","status":"publish","type":"post","link":"https:\/\/www.caririemacao.com\/1\/2019\/10\/31\/informalidade-no-trabalho-volta-a-bater-recorde-diz-ibge\/","title":{"rendered":"Informalidade no trabalho volta a bater recorde, diz IBGE"},"content":{"rendered":"\n<p>A informalidade continua batendo recordes no mercado de trabalho brasileiro, informou nesta quinta-feira (31) o IBGE (Instituto Brasileiro de Geografia e Estat\u00edstica).<\/p>\n\n\n\n<p>De acordo com o instituto, 11,8 milh\u00f5es de pessoas est\u00e3o sem carteira de trabalho assinada no setor privado, um crescimento de 2,9% (338 mil pessoas) com rela\u00e7\u00e3o ao trimestre encerrado em junho, enquanto os trabalhadores por conta pr\u00f3pria atingiram 24,4 milh\u00f5es de pessoas, alta de 1,2% (293 mil pessoas).<\/p>\n\n\n\n<p>Ambas as marcas s\u00e3o novos recordes na s\u00e9rie hist\u00f3rica, segundo o IBGE.<\/p>\n\n\n\n<p>&#8220;Temos mais pessoas trabalhando nesse trimestre, mas a quest\u00e3o \u00e9 a qualidade dessa forma de inser\u00e7\u00e3o informal&#8221;, disse a analista da pesquisa, Adriana Beringuy.<\/p>\n\n\n\n<p>Os aumentos tamb\u00e9m s\u00e3o vistos na compara\u00e7\u00e3o com o mesmo per\u00edodo de 2018. A alta foi de 3,4% (384 mil) entre os trabalhadores sem carteira assinada, e 4,3% (1 milh\u00e3o) com os que est\u00e3o por conta pr\u00f3pria.<\/p>\n\n\n\n<p>No trimestre encerrado em setembro, 38,8 milh\u00f5es dos trabalhadores s\u00e3o informais, ou 41,4% do total.<\/p>\n\n\n\n<p>Por conta da informalidade, a popula\u00e7\u00e3o ocupada registrou um recorde na s\u00e9rie hist\u00f3rica que teve in\u00edcio em 2012: 93,8 milh\u00f5es de pessoas. Desse total, 33,1 milh\u00f5es t\u00eam carteira assinada, apresentando estabilidade, segundo o IBGE.<\/p>\n\n\n\n<p>A taxa de desocupa\u00e7\u00e3o caiu de 12% para 11,8% na passagem do trimestre que teve fim em junho para aquele terminado em setembro. Tamb\u00e9m houve estabilidade na compara\u00e7\u00e3o com o mesmo trimestre de 2018, que registrou 11,9% de desocupa\u00e7\u00e3o.<\/p>\n\n\n\n<p>Segundo a analista do IBGE, a queda na taxa \u00e9 comum nos meses de setembro. &#8220;\u00c9 uma sazonalidade t\u00edpica do mercado de trabalho&#8221;, apontou Beringuy.<\/p>\n\n\n\n<p>Em compara\u00e7\u00e3o com o trimestre encerrado em mar\u00e7o, a queda foi de 0,9 pontos percentuais. O IBGE explicou que \u00e9 comum essa diferen\u00e7a entre o in\u00edcio e o fim do ano.<\/p>\n\n\n\n<p>&#8220;O ano geralmente come\u00e7a com mais pessoas procurando trabalho. No terceiro trimestre, h\u00e1 tend\u00eancia de revers\u00e3o&#8221;, disse a analista.<\/p>\n\n\n\n<p>O aumento na popula\u00e7\u00e3o ocupada foi de 459 mil pessoas (0,5%) na compara\u00e7\u00e3o com o trimestre encerrado em junho, e 1,5 milh\u00e3o de pessoas (1,6%) na an\u00e1lise com o mesmo per\u00edodo de 2018.<\/p>\n\n\n\n<p>A categoria constru\u00e7\u00e3o foi a que mais cresceu: 254 mil pessoas (3,8%) com rela\u00e7\u00e3o ao trimestre encerrado em junho. Mas tamb\u00e9m por conta da informalidade.<\/p>\n\n\n\n<p>&#8220;S\u00e3o obras e reformas em pequenos pr\u00e9dios, com profissionais que trabalham por conta pr\u00f3pria&#8221;, disse a analista Adriana Beringuy.<\/p>\n\n\n\n<p>J\u00e1 na compara\u00e7\u00e3o com igual per\u00edodo do ano passado, a categoria transporte, armazenagem e correio registrou aumento de 279 mil pessoas (6,1%).<\/p>\n\n\n\n<p>Outro ramo com alta foi informa\u00e7\u00e3o, comunica\u00e7\u00e3o e atividades financeiras, imobili\u00e1rias, profissionais e administrativas, com mais 404 mil pessoas (4%).<\/p>\n\n\n\n<p>Empregadores e trabalhadores dom\u00e9sticos ficaram est\u00e1veis, com 4,4 milh\u00f5es de pessoas e 6,3 milh\u00f5es de pessoas, respectivamente.<\/p>\n\n\n\n<p>J\u00e1 o n\u00famero de subocupados por insufici\u00eancia de horas trabalhadas caiu 311 mil pessoas (-4,2%) na compara\u00e7\u00e3o com o trimestre m\u00f3vel anterior, atingindo 7 milh\u00f5es de brasileiros.<\/p>\n\n\n\n<p>De acordo com o IBGE, 12,5 milh\u00f5es de pessoas ainda est\u00e3o desempregadas no Brasil.<\/p>\n\n\n\n<p>93,8 MILH\u00d5ES<br>foi o total de brasileiros empregados no trimestre encerrado em setembro&nbsp;<\/p>\n","protected":false},"excerpt":{"rendered":"<p>A informalidade continua batendo recordes no mercado de trabalho brasileiro, informou nesta quinta-feira (31) o IBGE (Instituto Brasileiro de Geografia e Estat\u00edstica). De acordo com&hellip; <\/p>\n","protected":false},"author":1,"featured_media":102846,"comment_status":"closed","ping_status":"closed","sticky":false,"template":"","format":"standard","meta":{"sfsi_plus_gutenberg_text_before_share":"","sfsi_plus_gutenberg_show_text_before_share":"","sfsi_plus_gutenberg_icon_type":"","sfsi_plus_gutenberg_icon_alignemt":"","sfsi_plus_gutenburg_max_per_row":"","footnotes":""},"categories":[2],"tags":[],"class_list":["post-131685","post","type-post","status-publish","format-standard","has-post-thumbnail","hentry","category-geral"],"_links":{"self":[{"href":"https:\/\/www.caririemacao.com\/1\/wp-json\/wp\/v2\/posts\/131685","targetHints":{"allow":["GET"]}}],"collection":[{"href":"https:\/\/www.caririemacao.com\/1\/wp-json\/wp\/v2\/posts"}],"about":[{"href":"https:\/\/www.caririemacao.com\/1\/wp-json\/wp\/v2\/types\/post"}],"author":[{"embeddable":true,"href":"https:\/\/www.caririemacao.com\/1\/wp-json\/wp\/v2\/users\/1"}],"replies":[{"embeddable":true,"href":"https:\/\/www.caririemacao.com\/1\/wp-json\/wp\/v2\/comments?post=131685"}],"version-history":[{"count":1,"href":"https:\/\/www.caririemacao.com\/1\/wp-json\/wp\/v2\/posts\/131685\/revisions"}],"predecessor-version":[{"id":131687,"href":"https:\/\/www.caririemacao.com\/1\/wp-json\/wp\/v2\/posts\/131685\/revisions\/131687"}],"wp:featuredmedia":[{"embeddable":true,"href":"https:\/\/www.caririemacao.com\/1\/wp-json\/wp\/v2\/media\/102846"}],"wp:attachment":[{"href":"https:\/\/www.caririemacao.com\/1\/wp-json\/wp\/v2\/media?parent=131685"}],"wp:term":[{"taxonomy":"category","embeddable":true,"href":"https:\/\/www.caririemacao.com\/1\/wp-json\/wp\/v2\/categories?post=131685"},{"taxonomy":"post_tag","embeddable":true,"href":"https:\/\/www.caririemacao.com\/1\/wp-json\/wp\/v2\/tags?post=131685"}],"curies":[{"name":"wp","href":"https:\/\/api.w.org\/{rel}","templated":true}]}}