{"id":131692,"date":"2019-10-31T13:58:19","date_gmt":"2019-10-31T16:58:19","guid":{"rendered":"http:\/\/www.caririemacao.com\/1\/?p=131692"},"modified":"2019-10-31T13:58:19","modified_gmt":"2019-10-31T16:58:19","slug":"familias-do-crianca-feliz-comemoram-dia-das-criancas-em-monteiro","status":"publish","type":"post","link":"https:\/\/www.caririemacao.com\/1\/2019\/10\/31\/familias-do-crianca-feliz-comemoram-dia-das-criancas-em-monteiro\/","title":{"rendered":"Fam\u00edlias do \u201cCrian\u00e7a Feliz\u201d comemoram dia das crian\u00e7as em Monteiro"},"content":{"rendered":"\n<p>Cerca de 100 fam\u00edlias participantes do programa \u201cCrian\u00e7a Feliz\u201d, participaram na manh\u00e3 desta ter\u00e7a-feira (29), das comemora\u00e7\u00f5es alusivas ao dia das crian\u00e7as, juntamente com a prefeita Anna Lorena, a secret\u00e1ria Rosa Aleixo e os visitadores e supervisores do programa.<br>Os pequenos contaram com distribui\u00e7\u00e3o de lanches, brincadeiras, sorteio de brindes, sorteio de bicicleta, sorteio de triciclo e, al\u00e9m disso, as m\u00e3es puderam ter acesso a palestras educativas sobre os cuidados pessoais com a sa\u00fade das crian\u00e7as na primeira inf\u00e2ncia, preven\u00e7\u00e3o e cuidados com a sa\u00fade bucal, com aulas pr\u00e1ticas da maneira correta de escova\u00e7\u00e3o e da import\u00e2ncia do acompanhamento necess\u00e1rio pela rede municipal de sa\u00fade, garantindo o desenvolvimento pleno da crian\u00e7a.&nbsp;<br>O programa \u201cCrian\u00e7a Feliz\u201d, acompanha as crian\u00e7as desde a gesta\u00e7\u00e3o das m\u00e3es, at\u00e9 a idade de 03 anos e foi implantado no munic\u00edpio em 2017, atendendo de in\u00edcio 150 fam\u00edlias. Atualmente, a equipe de supervisores e visitadores foi ampliada e atende 300 fam\u00edlias.<br><\/p>\n\n\n\n<figure class=\"wp-block-image\"><a href=\"https:\/\/i1.wp.com\/www.vitrinedocariri.com.br\/wp-content\/uploads\/2019\/10\/Fam%C3%ADlias-inscritas-no-programa-%E2%80%9CCrian%C3%A7a-Feliz%E2%80%9D-comemoram-dia-das-crian%C3%A7as-em-Monteiro-5.jpeg?resize=300%2C199&amp;ssl=1\"><img decoding=\"async\" data-src=\"https:\/\/i1.wp.com\/www.vitrinedocariri.com.br\/wp-content\/uploads\/2019\/10\/Fam%C3%ADlias-inscritas-no-programa-%E2%80%9CCrian%C3%A7a-Feliz%E2%80%9D-comemoram-dia-das-crian%C3%A7as-em-Monteiro-5.jpeg?resize=300%2C199&amp;ssl=1\" alt=\"\" src=\"data:image\/svg+xml;base64,PHN2ZyB3aWR0aD0iMSIgaGVpZ2h0PSIxIiB4bWxucz0iaHR0cDovL3d3dy53My5vcmcvMjAwMC9zdmciPjwvc3ZnPg==\" class=\"lazyload\" \/><\/a><\/figure>\n\n\n\n<p>A secret\u00e1ria de A\u00e7\u00e3o Social, Rosa Aleixo, afirmou que \u201co objetivo do programa \u00e9 orientar fam\u00edlias em situa\u00e7\u00e3o de vulnerabilidade a impulsionar o desenvolvimento de habilidades cognitivas, motoras e socioemocionais nas crian\u00e7as atrav\u00e9s de a\u00e7\u00f5es simples.\u201d.<br>Para a prefeita Anna Lorena, \u201cIniciativas como o \u201cCrian\u00e7a Feliz\u201d s\u00e3o capazes de prevenir atrasos f\u00edsicos, intelectuais e emocionais nas crian\u00e7as e, com isso, proporcionar um cen\u00e1rio mais igualit\u00e1rio no que tange \u00e0s oportunidades que elas ter\u00e3o no futuro. O acompanhamento das fam\u00edlias come\u00e7a desde a gesta\u00e7\u00e3o at\u00e9 o parto, passa pela amamenta\u00e7\u00e3o e ainda busca solu\u00e7\u00e3o para os poss\u00edveis conflitos familiares e, no caso de m\u00e3es muito jovens, a possibilidade dessas m\u00e3es conclu\u00edrem os estudos e at\u00e9 uma poss\u00edvel forma\u00e7\u00e3o t\u00e9cnica ou profissional.\u201d Concluiu.<\/p>\n","protected":false},"excerpt":{"rendered":"<p>Cerca de 100 fam\u00edlias participantes do programa \u201cCrian\u00e7a Feliz\u201d, participaram na manh\u00e3 desta ter\u00e7a-feira (29), das comemora\u00e7\u00f5es alusivas ao dia das crian\u00e7as, juntamente com a&hellip; <\/p>\n","protected":false},"author":1,"featured_media":131694,"comment_status":"closed","ping_status":"closed","sticky":false,"template":"","format":"standard","meta":{"sfsi_plus_gutenberg_text_before_share":"","sfsi_plus_gutenberg_show_text_before_share":"","sfsi_plus_gutenberg_icon_type":"","sfsi_plus_gutenberg_icon_alignemt":"","sfsi_plus_gutenburg_max_per_row":"","footnotes":""},"categories":[6],"tags":[],"class_list":["post-131692","post","type-post","status-publish","format-standard","has-post-thumbnail","hentry","category-cidades"],"_links":{"self":[{"href":"https:\/\/www.caririemacao.com\/1\/wp-json\/wp\/v2\/posts\/131692","targetHints":{"allow":["GET"]}}],"collection":[{"href":"https:\/\/www.caririemacao.com\/1\/wp-json\/wp\/v2\/posts"}],"about":[{"href":"https:\/\/www.caririemacao.com\/1\/wp-json\/wp\/v2\/types\/post"}],"author":[{"embeddable":true,"href":"https:\/\/www.caririemacao.com\/1\/wp-json\/wp\/v2\/users\/1"}],"replies":[{"embeddable":true,"href":"https:\/\/www.caririemacao.com\/1\/wp-json\/wp\/v2\/comments?post=131692"}],"version-history":[{"count":1,"href":"https:\/\/www.caririemacao.com\/1\/wp-json\/wp\/v2\/posts\/131692\/revisions"}],"predecessor-version":[{"id":131695,"href":"https:\/\/www.caririemacao.com\/1\/wp-json\/wp\/v2\/posts\/131692\/revisions\/131695"}],"wp:featuredmedia":[{"embeddable":true,"href":"https:\/\/www.caririemacao.com\/1\/wp-json\/wp\/v2\/media\/131694"}],"wp:attachment":[{"href":"https:\/\/www.caririemacao.com\/1\/wp-json\/wp\/v2\/media?parent=131692"}],"wp:term":[{"taxonomy":"category","embeddable":true,"href":"https:\/\/www.caririemacao.com\/1\/wp-json\/wp\/v2\/categories?post=131692"},{"taxonomy":"post_tag","embeddable":true,"href":"https:\/\/www.caririemacao.com\/1\/wp-json\/wp\/v2\/tags?post=131692"}],"curies":[{"name":"wp","href":"https:\/\/api.w.org\/{rel}","templated":true}]}}