{"id":131700,"date":"2019-10-31T14:01:27","date_gmt":"2019-10-31T17:01:27","guid":{"rendered":"http:\/\/www.caririemacao.com\/1\/?p=131700"},"modified":"2019-10-31T14:01:27","modified_gmt":"2019-10-31T17:01:27","slug":"prefeito-sandro-moco-recepciona-1a-dama-do-estado-em-camalau-e-discute-incentivo-ao-artesanato-local","status":"publish","type":"post","link":"https:\/\/www.caririemacao.com\/1\/2019\/10\/31\/prefeito-sandro-moco-recepciona-1a-dama-do-estado-em-camalau-e-discute-incentivo-ao-artesanato-local\/","title":{"rendered":"Prefeito Sandro M\u00f4co recepciona 1\u00aa dama do estado em Camala\u00fa e discute incentivo ao artesanato local"},"content":{"rendered":"\n<figure class=\"wp-block-image\"><a href=\"https:\/\/1.bp.blogspot.com\/-HiZbyLQlL0c\/Xbor9nBKlBI\/AAAAAAAAG1A\/828d_ph6JCYozo8FWj6jrTnKzj3e-v8zwCLcBGAsYHQ\/s1600\/1.jpg\"><img decoding=\"async\" data-src=\"https:\/\/1.bp.blogspot.com\/-HiZbyLQlL0c\/Xbor9nBKlBI\/AAAAAAAAG1A\/828d_ph6JCYozo8FWj6jrTnKzj3e-v8zwCLcBGAsYHQ\/s280\/1.jpg\" alt=\"\" src=\"data:image\/svg+xml;base64,PHN2ZyB3aWR0aD0iMSIgaGVpZ2h0PSIxIiB4bWxucz0iaHR0cDovL3d3dy53My5vcmcvMjAwMC9zdmciPjwvc3ZnPg==\" class=\"lazyload\" \/><\/a><\/figure>\n\n\n\n<p>O prefeito Sandro M\u00f4co recebeu nesta quarta feira, 30, a visita em Camala\u00fa da 1\u00aa dama do estado da Para\u00edba, e presidente de honra do Programa do Artesanato da Para\u00edba (PAP), Ana Maria Lins<\/p>\n\n\n\n<figure class=\"wp-block-image\"><a href=\"https:\/\/1.bp.blogspot.com\/-sQc7KWdLTf8\/Xbor9rrYjmI\/AAAAAAAAG08\/B7umKctrOskMn7_1v5bt4gPJwgTUWpKvQCEwYBhgL\/s1600\/11.jpg\"><img decoding=\"async\" data-src=\"https:\/\/1.bp.blogspot.com\/-sQc7KWdLTf8\/Xbor9rrYjmI\/AAAAAAAAG08\/B7umKctrOskMn7_1v5bt4gPJwgTUWpKvQCEwYBhgL\/s280\/11.jpg\" alt=\"\" src=\"data:image\/svg+xml;base64,PHN2ZyB3aWR0aD0iMSIgaGVpZ2h0PSIxIiB4bWxucz0iaHR0cDovL3d3dy53My5vcmcvMjAwMC9zdmciPjwvc3ZnPg==\" class=\"lazyload\" \/><\/a><\/figure>\n\n\n\n<p>A Curadoria do Artesanato da Para\u00edba, vinculada \u00e0 Secretaria de Estado da Cultura (Secult), promoveu uma visita aos munic\u00edpios de Camala\u00fa ,S\u00e3o Jo\u00e3o do Tigre, S S do Umbuzeiro e Zabele com o objetivo realizar um levantamento do artesanato nesses munic\u00edpios e registrar os profissionais do segmento.<br>A gestora do Programa do Artesanato da Para\u00edba (PAP), Marielza Rodriguez, destacou que al\u00e9m do cadastramento, os curadores t\u00eam a responsabilidade de orientar o artes\u00e3o para que o seu produto tenha elementos da identidade cultural.&nbsp;<br>\u201cCom isso, o artes\u00e3o paraibano ganha condi\u00e7\u00f5es de levar cada vez mais um produto genu\u00edno e de qualidade ao mercado, e o que vimos aqui em Camala\u00fa e no Cariri como um todo nos deixou encantadas\u201d, disse.<br>F\u00c1BIO BRITO<\/p>\n","protected":false},"excerpt":{"rendered":"<p>O prefeito Sandro M\u00f4co recebeu nesta quarta feira, 30, a visita em Camala\u00fa da 1\u00aa dama do estado da Para\u00edba, e presidente de honra do&hellip; <\/p>\n","protected":false},"author":1,"featured_media":131702,"comment_status":"closed","ping_status":"closed","sticky":false,"template":"","format":"standard","meta":{"sfsi_plus_gutenberg_text_before_share":"","sfsi_plus_gutenberg_show_text_before_share":"","sfsi_plus_gutenberg_icon_type":"","sfsi_plus_gutenberg_icon_alignemt":"","sfsi_plus_gutenburg_max_per_row":"","footnotes":""},"categories":[2],"tags":[],"class_list":["post-131700","post","type-post","status-publish","format-standard","has-post-thumbnail","hentry","category-geral"],"_links":{"self":[{"href":"https:\/\/www.caririemacao.com\/1\/wp-json\/wp\/v2\/posts\/131700","targetHints":{"allow":["GET"]}}],"collection":[{"href":"https:\/\/www.caririemacao.com\/1\/wp-json\/wp\/v2\/posts"}],"about":[{"href":"https:\/\/www.caririemacao.com\/1\/wp-json\/wp\/v2\/types\/post"}],"author":[{"embeddable":true,"href":"https:\/\/www.caririemacao.com\/1\/wp-json\/wp\/v2\/users\/1"}],"replies":[{"embeddable":true,"href":"https:\/\/www.caririemacao.com\/1\/wp-json\/wp\/v2\/comments?post=131700"}],"version-history":[{"count":1,"href":"https:\/\/www.caririemacao.com\/1\/wp-json\/wp\/v2\/posts\/131700\/revisions"}],"predecessor-version":[{"id":131703,"href":"https:\/\/www.caririemacao.com\/1\/wp-json\/wp\/v2\/posts\/131700\/revisions\/131703"}],"wp:featuredmedia":[{"embeddable":true,"href":"https:\/\/www.caririemacao.com\/1\/wp-json\/wp\/v2\/media\/131702"}],"wp:attachment":[{"href":"https:\/\/www.caririemacao.com\/1\/wp-json\/wp\/v2\/media?parent=131700"}],"wp:term":[{"taxonomy":"category","embeddable":true,"href":"https:\/\/www.caririemacao.com\/1\/wp-json\/wp\/v2\/categories?post=131700"},{"taxonomy":"post_tag","embeddable":true,"href":"https:\/\/www.caririemacao.com\/1\/wp-json\/wp\/v2\/tags?post=131700"}],"curies":[{"name":"wp","href":"https:\/\/api.w.org\/{rel}","templated":true}]}}