{"id":131708,"date":"2019-10-31T14:05:04","date_gmt":"2019-10-31T17:05:04","guid":{"rendered":"http:\/\/www.caririemacao.com\/1\/?p=131708"},"modified":"2019-10-31T14:05:04","modified_gmt":"2019-10-31T17:05:04","slug":"governo-reabre-inscricoes-para-selecao-de-26-coordenadores-temporarios-com-vagas-no-cariri","status":"publish","type":"post","link":"https:\/\/www.caririemacao.com\/1\/2019\/10\/31\/governo-reabre-inscricoes-para-selecao-de-26-coordenadores-temporarios-com-vagas-no-cariri\/","title":{"rendered":"Governo reabre inscri\u00e7\u00f5es para sele\u00e7\u00e3o de 26 coordenadores tempor\u00e1rios com vagas no Cariri"},"content":{"rendered":"\n<div class=\"wp-block-image\"><figure class=\"alignleft\"><img decoding=\"async\" data-src=\"https:\/\/i0.wp.com\/www.vitrinedocariri.com.br\/wp-content\/uploads\/2018\/09\/diario-oficial.jpg?zoom=2&amp;resize=330%2C238&amp;ssl=1\" alt=\"\" class=\"wp-image-22285 lazyload\" src=\"data:image\/svg+xml;base64,PHN2ZyB3aWR0aD0iMSIgaGVpZ2h0PSIxIiB4bWxucz0iaHR0cDovL3d3dy53My5vcmcvMjAwMC9zdmciPjwvc3ZnPg==\" \/><\/figure><\/div>\n\n\n\n<p>O Governo do Estado reabriu as inscri\u00e7\u00f5es para sele\u00e7\u00e3o de 26 coordenadores tempor\u00e1rios com remunera\u00e7\u00e3o de R$ 2 mil. A reabertura foi publicada no Di\u00e1rio Oficial desta quinta-feira (31).<\/p>\n\n\n\n<p>Os munic\u00edpios com vagas s\u00e3o: Alagoinha 01, Ara\u00e7agi 01, Aparecida 01,&nbsp;<strong>Assun\u00e7\u00e3o 01<\/strong>, Ba\u00eda da Trai\u00e7\u00e3o 01, Barra de Santa Rosa 01,&nbsp;<strong>Barra de S\u00e3o Miguel 01<\/strong>, Cacimba de Dentro 01,&nbsp;<strong>Camala\u00fa 01<\/strong>, Ibiara 01, Lucena 01, Malta 01, Mana\u00edra 01, Olho D\u2019\u00c1gua 01, Riacho dos Cavalos 01, Rem\u00edgio 01, Salgado de S\u00e3o F\u00e9lix 01, S\u00e3o Jos\u00e9 de Piranhas 01,&nbsp;<strong>S\u00e3o Jos\u00e9 dos Cordeiros 01<\/strong>, Santa Cec\u00edlia 01, S\u00e3o Sebasti\u00e3o de Lagoa de Ro\u00e7a 01, Serid\u00f3 01, Tavares 01, V\u00e1rzea 01, Santa Cruz 01 e Triunfo 01.<\/p>\n\n\n\n<p><a href=\"https:\/\/www.clickpb.com.br\/media\/filer_public\/64\/cb\/64cb1f11-c86f-4955-9bb7-e8b49853e6ed\/diario_oficial_31-10-2019_total.pdf\">Confira a partir da p\u00e1gina 12<\/a><\/p>\n\n\n\n<p>As inscri\u00e7\u00f5es s\u00e3o gratuitas e realizadas a partir do dia 4 de novembro at\u00e9 07 de novembro&nbsp;<a href=\"http:\/\/portaldacidadania.pb.gov.br\/\">atrav\u00e9s do Portal da Cidadania<\/a>.<\/p>\n\n\n\n<p>Os candidatos dever\u00e3o ter ensino superior e ir\u00e3o trabalhar com carga hor\u00e1ria de 40h semanais.<\/p>\n\n\n\n<p>Ao todo o Governo do Estado oferece 189 vagas para a sele\u00e7\u00e3o. As inscri\u00e7\u00f5es foram encerradas nesta quarta-feira (30).<\/p>\n","protected":false},"excerpt":{"rendered":"<p>O Governo do Estado reabriu as inscri\u00e7\u00f5es para sele\u00e7\u00e3o de 26 coordenadores tempor\u00e1rios com remunera\u00e7\u00e3o de R$ 2 mil. A reabertura foi publicada no Di\u00e1rio&hellip; <\/p>\n","protected":false},"author":1,"featured_media":131710,"comment_status":"closed","ping_status":"closed","sticky":false,"template":"","format":"standard","meta":{"sfsi_plus_gutenberg_text_before_share":"","sfsi_plus_gutenberg_show_text_before_share":"","sfsi_plus_gutenberg_icon_type":"","sfsi_plus_gutenberg_icon_alignemt":"","sfsi_plus_gutenburg_max_per_row":"","footnotes":""},"categories":[6],"tags":[],"class_list":["post-131708","post","type-post","status-publish","format-standard","has-post-thumbnail","hentry","category-cidades"],"_links":{"self":[{"href":"https:\/\/www.caririemacao.com\/1\/wp-json\/wp\/v2\/posts\/131708","targetHints":{"allow":["GET"]}}],"collection":[{"href":"https:\/\/www.caririemacao.com\/1\/wp-json\/wp\/v2\/posts"}],"about":[{"href":"https:\/\/www.caririemacao.com\/1\/wp-json\/wp\/v2\/types\/post"}],"author":[{"embeddable":true,"href":"https:\/\/www.caririemacao.com\/1\/wp-json\/wp\/v2\/users\/1"}],"replies":[{"embeddable":true,"href":"https:\/\/www.caririemacao.com\/1\/wp-json\/wp\/v2\/comments?post=131708"}],"version-history":[{"count":1,"href":"https:\/\/www.caririemacao.com\/1\/wp-json\/wp\/v2\/posts\/131708\/revisions"}],"predecessor-version":[{"id":131711,"href":"https:\/\/www.caririemacao.com\/1\/wp-json\/wp\/v2\/posts\/131708\/revisions\/131711"}],"wp:featuredmedia":[{"embeddable":true,"href":"https:\/\/www.caririemacao.com\/1\/wp-json\/wp\/v2\/media\/131710"}],"wp:attachment":[{"href":"https:\/\/www.caririemacao.com\/1\/wp-json\/wp\/v2\/media?parent=131708"}],"wp:term":[{"taxonomy":"category","embeddable":true,"href":"https:\/\/www.caririemacao.com\/1\/wp-json\/wp\/v2\/categories?post=131708"},{"taxonomy":"post_tag","embeddable":true,"href":"https:\/\/www.caririemacao.com\/1\/wp-json\/wp\/v2\/tags?post=131708"}],"curies":[{"name":"wp","href":"https:\/\/api.w.org\/{rel}","templated":true}]}}