{"id":131715,"date":"2019-10-31T14:12:51","date_gmt":"2019-10-31T17:12:51","guid":{"rendered":"http:\/\/www.caririemacao.com\/1\/?p=131715"},"modified":"2019-10-31T14:12:51","modified_gmt":"2019-10-31T17:12:51","slug":"meta-global-de-vacinacao-contra-o-sarampo-e-atingida-no-brasil","status":"publish","type":"post","link":"https:\/\/www.caririemacao.com\/1\/2019\/10\/31\/meta-global-de-vacinacao-contra-o-sarampo-e-atingida-no-brasil\/","title":{"rendered":"Meta global de vacina\u00e7\u00e3o contra o sarampo \u00e9 atingida no Brasil"},"content":{"rendered":"\n<p>Balan\u00e7o parcial divulgado pelo Minist\u00e9rio da Sa\u00fade (MS) indica que o Brasil atingiu a meta global de vacina\u00e7\u00e3o de sarampo para crian\u00e7as de 6&nbsp;meses a menores de 1 ano, com o registro de 95% da popula\u00e7\u00e3o geral nessa faixa et\u00e1ria&nbsp;imunizada. O desempenho da cobertura vacinal n\u00e3o foi uniforme, no entanto, entre todos os estados (veja mapa).<\/p>\n\n\n\n<p>Est\u00e3o abaixo da meta de vacina\u00e7\u00e3o&nbsp;Acre, Amap\u00e1, Amazonas, Bahia, Distrito Federal, Maranh\u00e3o, Mato Grosso, Par\u00e1, Piau\u00ed, Rond\u00f4nia, Roraima, Rio de Janeiro e Rio Grande do Norte. Em rela\u00e7\u00e3o aos munic\u00edpios, o minist\u00e9rio contabiliza que 34,5% (1.923 cidades) precisam refor\u00e7ar os esfor\u00e7os para atender \u00e0&nbsp;meta de vacina\u00e7\u00e3o.<\/p>\n\n\n\n<p>A segunda etapa da campanha de vacina\u00e7\u00e3o est\u00e1 prevista para come\u00e7ar em&nbsp;18 de novembro. O governo federal tem expectativa de que agentes comunit\u00e1rios de sa\u00fade de combate \u00e0s endemias fa\u00e7am busca ativa em resid\u00eancias para vacina\u00e7\u00e3o.<\/p>\n\n\n\n<p>O foco \u00e9 a popula\u00e7\u00e3o adulta. \u201cUm novo grupo, composto por adultos de 20 a 29 anos que n\u00e3o est\u00e3o com a caderneta de vacina\u00e7\u00e3o em dia&nbsp;ter\u00e1 a oportunidade de se vacinar at\u00e9 30 de novembro, quando termina a campanha\u201d, destaca nota divulgada hoje (29) em Bras\u00edlia pelo minist\u00e9rio.<\/p>\n\n\n\n<p>Novo boletim epidemiol\u00f3gico do sarampo ser\u00e1 publicado no dia 6 de novembro e \u201ctrar\u00e1 como registro, dos \u00faltimos 90 dias, 5.660 casos confirmados\u201d da doen\u00e7a, antecipa o Minist\u00e9rio da Sa\u00fade. \u201cDezenove estados est\u00e3o na lista de transmiss\u00e3o ativa da doen\u00e7a e 90,5% dos casos confirmados est\u00e3o concentrados no estado de S\u00e3o Paulo\u201d.<\/p>\n\n\n\n<figure class=\"wp-block-image\"><img decoding=\"async\" data-src=\"http:\/\/imagens.ebc.com.br\/fCAXs84eabusZSfeuUhL-OTUCDU=\/754x0\/smart\/http:\/\/agenciabrasil.ebc.com.br\/sites\/default\/files\/thumbnails\/image\/cobertura_vacinal_sarampo.jpg?itok=r0rfGbw3\" alt=\"Cobertura vacinal contra sarampo\" src=\"data:image\/svg+xml;base64,PHN2ZyB3aWR0aD0iMSIgaGVpZ2h0PSIxIiB4bWxucz0iaHR0cDovL3d3dy53My5vcmcvMjAwMC9zdmciPjwvc3ZnPg==\" class=\"lazyload\" \/><\/figure>\n\n\n\n<h6 class=\"wp-block-heading\"><strong>Minist\u00e9rio da Sa\u00fade\/Divulga\u00e7\u00e3o<\/strong><\/h6>\n\n\n\n<p>A pasta alerta que o sarampo \u00e9 uma doen\u00e7a infecciosa grave&nbsp;que pode causar a morte, especialmente de crian\u00e7as. \u201cNos \u00faltimos 90 dias, foram confirmadas 14 mortes pela doen\u00e7a no Brasil, sendo sete em menores de 5 anos de idade, tr\u00eas&nbsp;na faixa et\u00e1ria de 20 a 29 anos e quatro em adultos maiores de 40 anos. Foram 13 \u00f3bitos registrados em S\u00e3o Paulo e um em Pernambuco\u201d, detalha nota do minist\u00e9rio.<\/p>\n\n\n\n<p>No total, 304 munic\u00edpios (5,5% das cidades brasileiras) apresentaram casos de sarampo. O Minist\u00e9rio da Sa\u00fade tem expectativa que o pr\u00f3ximo boletim assinale queda de casos recentes da doen\u00e7a.<\/p>\n\n\n\n<p><strong>Sintomas<\/strong><\/p>\n\n\n\n<p>De acordo com informe&nbsp;do Minist\u00e9rio da Sa\u00fade, a transmiss\u00e3o do sarampo ocorre pelo ar, quando uma pessoa infectada tosse, fala, espirra ou respira pr\u00f3ximo de outras pessoas. A \u00fanica maneira prevenir a doen\u00e7a \u00e9 pela vacina.<\/p>\n\n\n\n<p>H\u00e1 uma preocupa\u00e7\u00e3o especial da pasta&nbsp;a partir do final do ano: o per\u00edodo de f\u00e9rias \u2013 que ocasiona aumento de circula\u00e7\u00e3o de pessoas adultas pelo pa\u00eds para celebrar o Natal, descansar no veraneio e brincar o carnaval.<\/p>\n\n\n\n<p>Al\u00e9m disso, o aumento de chuva de ver\u00e3o pode elevar o n\u00famero de casos de dengue. O sarampo tem alguns sintomas que podem ser confundidos com doen\u00e7a transmitida pelo&nbsp;<em>Aedes aegypti<\/em>, como febre alta, dor de cabe\u00e7a e manchas vermelhas.<\/p>\n\n\n\n<p>No caso do sarampo, \u00e9 comum que a febre ocorra acompanhada de tosse e que&nbsp;haja irrita\u00e7\u00e3o nos olhos, mal-estar intenso e nariz escorrendo e entupido. Um m\u00e9dico dever\u00e1 ser consultado para o diagn\u00f3stico correto.<\/p>\n","protected":false},"excerpt":{"rendered":"<p>Balan\u00e7o parcial divulgado pelo Minist\u00e9rio da Sa\u00fade (MS) indica que o Brasil atingiu a meta global de vacina\u00e7\u00e3o de sarampo para crian\u00e7as de 6&nbsp;meses a&hellip; <\/p>\n","protected":false},"author":1,"featured_media":131718,"comment_status":"closed","ping_status":"closed","sticky":false,"template":"","format":"standard","meta":{"sfsi_plus_gutenberg_text_before_share":"","sfsi_plus_gutenberg_show_text_before_share":"","sfsi_plus_gutenberg_icon_type":"","sfsi_plus_gutenberg_icon_alignemt":"","sfsi_plus_gutenburg_max_per_row":"","footnotes":""},"categories":[16],"tags":[],"class_list":["post-131715","post","type-post","status-publish","format-standard","has-post-thumbnail","hentry","category-saude"],"_links":{"self":[{"href":"https:\/\/www.caririemacao.com\/1\/wp-json\/wp\/v2\/posts\/131715","targetHints":{"allow":["GET"]}}],"collection":[{"href":"https:\/\/www.caririemacao.com\/1\/wp-json\/wp\/v2\/posts"}],"about":[{"href":"https:\/\/www.caririemacao.com\/1\/wp-json\/wp\/v2\/types\/post"}],"author":[{"embeddable":true,"href":"https:\/\/www.caririemacao.com\/1\/wp-json\/wp\/v2\/users\/1"}],"replies":[{"embeddable":true,"href":"https:\/\/www.caririemacao.com\/1\/wp-json\/wp\/v2\/comments?post=131715"}],"version-history":[{"count":1,"href":"https:\/\/www.caririemacao.com\/1\/wp-json\/wp\/v2\/posts\/131715\/revisions"}],"predecessor-version":[{"id":131719,"href":"https:\/\/www.caririemacao.com\/1\/wp-json\/wp\/v2\/posts\/131715\/revisions\/131719"}],"wp:featuredmedia":[{"embeddable":true,"href":"https:\/\/www.caririemacao.com\/1\/wp-json\/wp\/v2\/media\/131718"}],"wp:attachment":[{"href":"https:\/\/www.caririemacao.com\/1\/wp-json\/wp\/v2\/media?parent=131715"}],"wp:term":[{"taxonomy":"category","embeddable":true,"href":"https:\/\/www.caririemacao.com\/1\/wp-json\/wp\/v2\/categories?post=131715"},{"taxonomy":"post_tag","embeddable":true,"href":"https:\/\/www.caririemacao.com\/1\/wp-json\/wp\/v2\/tags?post=131715"}],"curies":[{"name":"wp","href":"https:\/\/api.w.org\/{rel}","templated":true}]}}