{"id":131727,"date":"2019-10-31T14:23:46","date_gmt":"2019-10-31T17:23:46","guid":{"rendered":"http:\/\/www.caririemacao.com\/1\/?p=131727"},"modified":"2019-10-31T14:23:46","modified_gmt":"2019-10-31T17:23:46","slug":"eduardo-bolsonaro-diz-que-se-esquerda-radicalizar-resposta-pode-ser-um-novo-ai-5","status":"publish","type":"post","link":"https:\/\/www.caririemacao.com\/1\/2019\/10\/31\/eduardo-bolsonaro-diz-que-se-esquerda-radicalizar-resposta-pode-ser-um-novo-ai-5\/","title":{"rendered":"Eduardo Bolsonaro diz que se esquerda radicalizar resposta pode ser &#8216;um novo AI-5&#8217;"},"content":{"rendered":"\n<p>&nbsp;O deputado federal Eduardo Bolsonaro (PSL-SP) diz que se a esquerda brasileira &#8220;radicalizar&#8221;, uma resposta pode ser &#8220;via um novo AI-5&#8221;.<br><\/p>\n\n\n\n<p>A afirma\u00e7\u00e3o foi feita em entrevista \u00e0 jornalista Leda Nagle, realizada na segunda (28) e publicada nesta quinta (31), no canal dela no YouTube.<\/p>\n\n\n\n<p>&#8220;Tudo \u00e9 culpa do Bolsonaro, percebeu? Fogo na Amaz\u00f4nia, que sempre ocorre nessa esta\u00e7\u00e3o, culpa do Bolsonaro. \u00d3leo no Nordeste, culpa do Bolsonaro. Daqui a pouco vai passar esse \u00f3leo, tudo vai ficar limpo e a\u00ed vai vir uma outra coisa, qualquer coisa e ser\u00e1 culpa do Bolsonaro&#8221;, seguiu.<\/p>\n\n\n\n<p>&#8220;Se a esquerda radicalizar esse ponto, a gente vai precisar ter uma resposta. E uma resposta pode ser via um novo AI-5, pode ser via uma legisla\u00e7\u00e3o aprovada atrav\u00e9s de um plebiscito como ocorreu na It\u00e1lia. Alguma resposta vai ter que ser dada&#8221;, afirmou o parlamentar, filho do presidente Jair Bolsonaro.<\/p>\n\n\n\n<p>&#8220;O que faz um pa\u00eds forte n\u00e3o \u00e9 um Estado forte. S\u00e3o indiv\u00edduos fortes. A conjectura n\u00e3o tem que ser futura, ela tem que ser presente. Quem \u00e9 o presidente dos Estados Unidos agora? \u00c9 o Trump. Ele se d\u00e1 bem com o Bolsonaro? Se d\u00e1 muito bem. Ent\u00e3o vamos aproveitar isso a\u00ed&#8221;, continuou.<\/p>\n\n\n\n<figure><iframe data-src=\"https:\/\/www.youtube.com\/embed\/YiNcdHva0nM\" allowfullscreen=\"\" width=\"727\" height=\"409\" src=\"data:image\/svg+xml;base64,PHN2ZyB3aWR0aD0iMSIgaGVpZ2h0PSIxIiB4bWxucz0iaHR0cDovL3d3dy53My5vcmcvMjAwMC9zdmciPjwvc3ZnPg==\" class=\"lazyload\" data-load-mode=\"1\"><\/iframe><\/figure>\n","protected":false},"excerpt":{"rendered":"<p>&nbsp;O deputado federal Eduardo Bolsonaro (PSL-SP) diz que se a esquerda brasileira &#8220;radicalizar&#8221;, uma resposta pode ser &#8220;via um novo AI-5&#8221;. A afirma\u00e7\u00e3o foi feita&hellip; <\/p>\n","protected":false},"author":1,"featured_media":126249,"comment_status":"closed","ping_status":"closed","sticky":false,"template":"","format":"standard","meta":{"sfsi_plus_gutenberg_text_before_share":"","sfsi_plus_gutenberg_show_text_before_share":"","sfsi_plus_gutenberg_icon_type":"","sfsi_plus_gutenberg_icon_alignemt":"","sfsi_plus_gutenburg_max_per_row":"","footnotes":""},"categories":[11],"tags":[],"class_list":["post-131727","post","type-post","status-publish","format-standard","has-post-thumbnail","hentry","category-politica"],"_links":{"self":[{"href":"https:\/\/www.caririemacao.com\/1\/wp-json\/wp\/v2\/posts\/131727","targetHints":{"allow":["GET"]}}],"collection":[{"href":"https:\/\/www.caririemacao.com\/1\/wp-json\/wp\/v2\/posts"}],"about":[{"href":"https:\/\/www.caririemacao.com\/1\/wp-json\/wp\/v2\/types\/post"}],"author":[{"embeddable":true,"href":"https:\/\/www.caririemacao.com\/1\/wp-json\/wp\/v2\/users\/1"}],"replies":[{"embeddable":true,"href":"https:\/\/www.caririemacao.com\/1\/wp-json\/wp\/v2\/comments?post=131727"}],"version-history":[{"count":1,"href":"https:\/\/www.caririemacao.com\/1\/wp-json\/wp\/v2\/posts\/131727\/revisions"}],"predecessor-version":[{"id":131729,"href":"https:\/\/www.caririemacao.com\/1\/wp-json\/wp\/v2\/posts\/131727\/revisions\/131729"}],"wp:featuredmedia":[{"embeddable":true,"href":"https:\/\/www.caririemacao.com\/1\/wp-json\/wp\/v2\/media\/126249"}],"wp:attachment":[{"href":"https:\/\/www.caririemacao.com\/1\/wp-json\/wp\/v2\/media?parent=131727"}],"wp:term":[{"taxonomy":"category","embeddable":true,"href":"https:\/\/www.caririemacao.com\/1\/wp-json\/wp\/v2\/categories?post=131727"},{"taxonomy":"post_tag","embeddable":true,"href":"https:\/\/www.caririemacao.com\/1\/wp-json\/wp\/v2\/tags?post=131727"}],"curies":[{"name":"wp","href":"https:\/\/api.w.org\/{rel}","templated":true}]}}