{"id":131738,"date":"2019-10-31T14:27:06","date_gmt":"2019-10-31T17:27:06","guid":{"rendered":"http:\/\/www.caririemacao.com\/1\/?p=131738"},"modified":"2019-10-31T14:27:06","modified_gmt":"2019-10-31T17:27:06","slug":"video-que-mostra-menino-com-paralisia-cerebral-andando-de-skate-viraliza-na-internet","status":"publish","type":"post","link":"https:\/\/www.caririemacao.com\/1\/2019\/10\/31\/video-que-mostra-menino-com-paralisia-cerebral-andando-de-skate-viraliza-na-internet\/","title":{"rendered":"V\u00eddeo que mostra menino com paralisia cerebral andando de skate viraliza na internet"},"content":{"rendered":"\n<p>Nas \u00faltimas semanas, um v\u00eddeo mais que especial viralizou na internet. Uma m\u00e3e, a publicit\u00e1ria e escritora Laura Costa Patr\u00f3n, de 31 anos, realizou o sonho do filho, Jo\u00e3o Vicente, de 7 anos, que tem paralisia cerebral, e queria andar de skate. Atrav\u00e9s do projeto Anima Skate, de Porto Alegre (RS), ela utilizou uma adapta\u00e7\u00e3o especializada para esses casos e arrancou o sorriso mais verdadeiro do filho.<\/p>\n\n\n\n<p>&#8220;\u00c9 uma coisa muito insana, n\u00e9? N\u00e3o \u00e9 uma coisa que voc\u00ea espera. Postei o v\u00eddeo h\u00e1 um m\u00eas e, do nada, quando vi, estava passando em emissoras americanas. N\u00e3o sei como aconteceu, mas fiquei muito pensativa sobre isso: &#8216;Por que um v\u00eddeo como esse viraliza?&#8217; Acho que tem uma coisa da energia que contagia, mas tamb\u00e9m acho que a gente n\u00e3o est\u00e1 acostumado a ver uma crian\u00e7a com defici\u00eancia feliz, fazendo um esporte. Ningu\u00e9m est\u00e1 acostumado a ver isso&#8221;, falou Lau sobre a repercuss\u00e3o do v\u00eddeo.<\/p>\n\n\n\n<p>Jo\u00e3o Vicente \u00e9 portador da S\u00edndrome Hemol\u00edtica Ur\u00eamica at\u00edpica, chamada de SHUa, uma condi\u00e7\u00e3o rara que causa falhas no sistema imunol\u00f3gico. Por causa de uma crise repentina da doen\u00e7a, aos 1 ano e 8 meses, ele teve um AVC com sequelas graves e luta para se recuperar a cada dia. O menino ficou internado entre a vida e a morte por 71 dias numa UTI de hospital.<\/p>\n\n\n\n<p>&#8220;\u00c9 uma s\u00edndrome de causa gen\u00e9tica, n\u00e3o tinha como saber. Quando teve a primeira crise, ele teve um AVC. Ele n\u00e3o nasceu com a paralisia.&#8221;<br>Os dias no hospital levaram Laura a escrever o livro &#8220;71 Le\u00f5es&#8221;, que conta a hist\u00f3ria sobre sua maternidade, dor e renascimento.<\/p>\n\n\n\n<p>&#8220;O Jo\u00e3o vem caminhando e passando pelos muitos imposs\u00edveis que colocaram para ele.&#8221;<\/p>\n\n\n\n<p><strong>Falta inclus\u00e3o<\/strong><\/p>\n\n\n\n<p>&#8220;A gente n\u00e3o v\u00ea projetos inclusivos. Quantas vezes a gente viu um skate inclusivo? Esse v\u00eddeo viralizou primeiro nos Estados Unidos, depois na Europa, foi parar no Jap\u00e3o, na Indon\u00e9sia. As pessoas me mandam mensagens do mundo inteiro dizendo: &#8216;Isso n\u00e3o existe onde vivo&#8217;. Gente, n\u00e3o \u00e9 algo t\u00e3o complexo, \u00e9 uma solu\u00e7\u00e3o simples. A gente est\u00e1 falhando enquanto sociedade porque n\u00e3o estamos conseguindo dar solu\u00e7\u00e3o. O v\u00eddeo falou um pouco sobre isso, deu um choque nas pessoas.&#8221;<\/p>\n\n\n\n<p>Veja o v\u00eddeo:<br><\/p>\n\n\n\n<figure><iframe data-src=\"https:\/\/www.youtube.com\/embed\/rsi003LVOOQ\" allowfullscreen=\"\" width=\"560\" height=\"315\" src=\"data:image\/svg+xml;base64,PHN2ZyB3aWR0aD0iMSIgaGVpZ2h0PSIxIiB4bWxucz0iaHR0cDovL3d3dy53My5vcmcvMjAwMC9zdmciPjwvc3ZnPg==\" class=\"lazyload\" data-load-mode=\"1\"><\/iframe><\/figure>\n","protected":false},"excerpt":{"rendered":"<p>Nas \u00faltimas semanas, um v\u00eddeo mais que especial viralizou na internet. Uma m\u00e3e, a publicit\u00e1ria e escritora Laura Costa Patr\u00f3n, de 31 anos, realizou o&hellip; <\/p>\n","protected":false},"author":1,"featured_media":131740,"comment_status":"closed","ping_status":"closed","sticky":false,"template":"","format":"standard","meta":{"sfsi_plus_gutenberg_text_before_share":"","sfsi_plus_gutenberg_show_text_before_share":"","sfsi_plus_gutenberg_icon_type":"","sfsi_plus_gutenberg_icon_alignemt":"","sfsi_plus_gutenburg_max_per_row":"","footnotes":""},"categories":[2],"tags":[],"class_list":["post-131738","post","type-post","status-publish","format-standard","has-post-thumbnail","hentry","category-geral"],"_links":{"self":[{"href":"https:\/\/www.caririemacao.com\/1\/wp-json\/wp\/v2\/posts\/131738","targetHints":{"allow":["GET"]}}],"collection":[{"href":"https:\/\/www.caririemacao.com\/1\/wp-json\/wp\/v2\/posts"}],"about":[{"href":"https:\/\/www.caririemacao.com\/1\/wp-json\/wp\/v2\/types\/post"}],"author":[{"embeddable":true,"href":"https:\/\/www.caririemacao.com\/1\/wp-json\/wp\/v2\/users\/1"}],"replies":[{"embeddable":true,"href":"https:\/\/www.caririemacao.com\/1\/wp-json\/wp\/v2\/comments?post=131738"}],"version-history":[{"count":1,"href":"https:\/\/www.caririemacao.com\/1\/wp-json\/wp\/v2\/posts\/131738\/revisions"}],"predecessor-version":[{"id":131741,"href":"https:\/\/www.caririemacao.com\/1\/wp-json\/wp\/v2\/posts\/131738\/revisions\/131741"}],"wp:featuredmedia":[{"embeddable":true,"href":"https:\/\/www.caririemacao.com\/1\/wp-json\/wp\/v2\/media\/131740"}],"wp:attachment":[{"href":"https:\/\/www.caririemacao.com\/1\/wp-json\/wp\/v2\/media?parent=131738"}],"wp:term":[{"taxonomy":"category","embeddable":true,"href":"https:\/\/www.caririemacao.com\/1\/wp-json\/wp\/v2\/categories?post=131738"},{"taxonomy":"post_tag","embeddable":true,"href":"https:\/\/www.caririemacao.com\/1\/wp-json\/wp\/v2\/tags?post=131738"}],"curies":[{"name":"wp","href":"https:\/\/api.w.org\/{rel}","templated":true}]}}