{"id":131756,"date":"2019-10-31T14:32:45","date_gmt":"2019-10-31T17:32:45","guid":{"rendered":"http:\/\/www.caririemacao.com\/1\/?p=131756"},"modified":"2019-10-31T14:32:45","modified_gmt":"2019-10-31T17:32:45","slug":"promotora-do-caso-marielle-fez-campanha-para-eleicao-de-bolsonaro","status":"publish","type":"post","link":"https:\/\/www.caririemacao.com\/1\/2019\/10\/31\/promotora-do-caso-marielle-fez-campanha-para-eleicao-de-bolsonaro\/","title":{"rendered":"Promotora do caso Marielle fez campanha para elei\u00e7\u00e3o de Bolsonaro"},"content":{"rendered":"\n<p>A promotora Carmen Carvalho, membro da equipe do Minist\u00e9rio P\u00fablico do Rio de Janeiro que investiga a morte da vereadora Marielle Franco (PSOL), fez campanha pela elei\u00e7\u00e3o do presidente Jair Bolsonaro (PSL).&nbsp;Ela tamb\u00e9m postou em sua rede social foto abra\u00e7ada com o deputado Rodrigo Amorim (PSL-RJ), que quebrou uma placa em homenagem \u00e0 vereadora assassinada em 2018.<\/p>\n\n\n\n<p>As imagens foram divulgadas pelo jornalista Leandro Demori, editor-chefe do site The Intercept Brasil, em sua conta no Twitter.&nbsp;Carvalho \u00e9 membro do Gaeco (Grupo de Atua\u00e7\u00e3o Especial de Combate ao Crime Organizado), que concentra o acompanhamento das investiga\u00e7\u00f5es da Pol\u00edcia Civil.<\/p>\n\n\n\n<p>Ela participou nesta quarta-feira (30) da entrevista coletiva em que o Minist\u00e9rio P\u00fablico do Rio de Janeiro classificou o depoimento do porteiro que envolveu o presidente Jair Bolsonaro no caso como uma informa\u00e7\u00e3o falsa. Essa declara\u00e7\u00e3o foi dada pela promotora Simone Sibilio.<\/p>\n\n\n\n<p>Em sua conta no Instagram, Carvalho publicou uma foto com a camisa de Bolsonaro durante a campanha eleitoral. Ela tamb\u00e9m manifestou emo\u00e7\u00e3o no dia 1\u00ba de janeiro, na posse do presidente.&nbsp;&#8220;H\u00e1 anos que n\u00e3o me sinto t\u00e3o emocionada. Essa posse entra naquela lista de conquistas, como se fosse uma vit\u00f3ria&#8221;, escreveu ela. Ela tamb\u00e9m publicou uma foto abra\u00e7ada com Amorim. Os dois estavam na solenidade de entrega da medalha Tiradentes \u00e0 promotora. A comenda foi proposta pelo deputado estadual Carlos Augusto (PSD), delegado da Pol\u00edcia Civil do Rio de Janeiro.<\/p>\n\n\n\n<p>Promotores ouvidos pela reportagem afirmam ser not\u00f3rio o envolvimento de Carvalho com pol\u00edticos e pautas conservadoras. H\u00e1 tamb\u00e9m imagens dela ao lado do governador Wilson Witzel (PSC-RJ).<\/p>\n\n\n\n<p>A Lei Org\u00e2nica Nacional do Minist\u00e9rio P\u00fablico veda aos promotores que exer\u00e7am &#8220;atividade pol\u00edtico-partid\u00e1ria&#8221;.&nbsp;Em 2016, o Conselho Nacional do Minist\u00e9rio P\u00fablico expediu recomenda\u00e7\u00e3o deixando expresso ser proibida &#8220;a participa\u00e7\u00e3o de membro do Minist\u00e9rio P\u00fablico em situa\u00e7\u00f5es que possam ensejar claramente a demonstra\u00e7\u00e3o de apoio p\u00fablico a candidato ou que deixe evidenciado, mesmo que de maneira informal, a vincula\u00e7\u00e3o a determinado partido pol\u00edtico&#8221;.<\/p>\n\n\n\n<p>A legisla\u00e7\u00e3o, contudo, n\u00e3o deixa expressa san\u00e7\u00f5es para a pr\u00e1tica. A an\u00e1lise cabe \u00e0 Corregedoria das promotorias, que t\u00eam o poder de advertir, censurar, suspender demitir e cassar a aposentadoria dos membros do Minist\u00e9rio P\u00fablico &#8220;em caso de neglig\u00eancia no exerc\u00edcio das fun\u00e7\u00f5es&#8221;.<\/p>\n\n\n\n<p>Promotora desde 1994, sua lota\u00e7\u00e3o original \u00e9 no 2\u00ba Tribunal do J\u00fari da capital. Ela tamb\u00e9m integra o Gaeco. O caso mais famoso em que Carvalho atuou foi a investiga\u00e7\u00e3o do desaparecimento do pedreiro Amarildo de Souza, em 2013 na Rocinha.&nbsp;<\/p>\n\n\n\n<p>A promotora atuou tanto na investiga\u00e7\u00e3o como no julgamento do caso na primeira inst\u00e2ncia, que culminou com a condena\u00e7\u00e3o dos 12 denunciados -quatro foram absolvidos na segunda inst\u00e2ncia.<\/p>\n\n\n\n<p>O Minist\u00e9rio P\u00fablico foi procurado \u00e0s 10h10 para comentar as publica\u00e7\u00f5es da promotora nas redes sociais, mas n\u00e3o havia se manifestado at\u00e9 a publica\u00e7\u00e3o desta reportagem.&nbsp;<\/p>\n\n\n\n<p>Reportagem do Jornal Nacional de ter\u00e7a-feira (29) apontou que um porteiro (cujo nome n\u00e3o foi revelado) deu depoimento dizendo que, no dia do assassinato da vereadora, \u00c9lcio Queiroz, ex-policial militar suspeito de envolvimento no crime, afirmou na portaria do condom\u00ednio que iria \u00e0 casa de Bolsonaro, na \u00e9poca deputado federal.<\/p>\n\n\n\n<p>Pelo depoimento do porteiro apresentado pela emissora, ao interfonar para a casa de Bolsonaro, um homem com a mesma voz do presidente teria atendido e autorizado a entrada. O suspeito, no entanto, teria ido a outra casa dentro do condom\u00ednio.<br>Nesta quarta, a promotora Simone Sibilio afirmou que a investiga\u00e7\u00e3o teve acesso \u00e0 planilha da portaria do condom\u00ednio e \u00e0s grava\u00e7\u00f5es do interfone e que restou comprovado que a informa\u00e7\u00e3o dada pelo porteiro n\u00e3o procede.<\/p>\n\n\n\n<p>O Minist\u00e9rio P\u00fablico pediu no dia 15 per\u00edcia dos \u00e1udios &#8211; que foi conclu\u00edda nesta quarta-feira.Segundo a Promotoria, h\u00e1 registro de interfone para a casa 65 (enquanto a casa de Bolsonaro \u00e9 a de n\u00famero 58), e a entrada de \u00c9lcio foi autorizada pelo morador do im\u00f3vel, Ronnie Lessa -que est\u00e1 preso sob suspeita de envolvimento na morte de Marielle.<\/p>\n\n\n\n<p>Na planilha de controle da portaria do condom\u00ednio, apreendida pelo Minist\u00e9rio P\u00fablico, constava que, no dia 14 de mar\u00e7o de 2018 -quando a vereadora foi assassinada-, \u00c9lcio havia ido para a casa 58, que pertence a Bolsonaro.<br>A Promotoria n\u00e3o citou hip\u00f3teses que possam explicar por que houve anota\u00e7\u00e3o incorreta do n\u00famero da casa. Disse, apenas, que isso pode ter ocorrido por v\u00e1rios motivos e que eles ser\u00e3o apurados.<\/p>\n\n\n\n<p>&#8220;Todas as pessoas que prestam falso testemunho podem ser processadas&#8221;, afirmou a promotora Sibilio.&nbsp;<\/p>\n\n\n\n<p>O Minist\u00e9rio P\u00fablico disse n\u00e3o ser poss\u00edvel confirmar ainda nem mesmo se a grava\u00e7\u00e3o registrada na portaria \u00e9 do mesmo porteiro que prestou depoimento -embora diga poder afirmar que \u00c9lcio entrou uma \u00fanica vez no condom\u00ednio e que, pela per\u00edcia &#8220;nos padr\u00f5es voc\u00e1licos de quem autorizou&#8221;, foi confirmada a autoriza\u00e7\u00e3o dada por Ronnie Lessa.&nbsp;<\/p>\n","protected":false},"excerpt":{"rendered":"<p>A promotora Carmen Carvalho, membro da equipe do Minist\u00e9rio P\u00fablico do Rio de Janeiro que investiga a morte da vereadora Marielle Franco (PSOL), fez campanha&hellip; <\/p>\n","protected":false},"author":1,"featured_media":131758,"comment_status":"closed","ping_status":"closed","sticky":false,"template":"","format":"standard","meta":{"sfsi_plus_gutenberg_text_before_share":"","sfsi_plus_gutenberg_show_text_before_share":"","sfsi_plus_gutenberg_icon_type":"","sfsi_plus_gutenberg_icon_alignemt":"","sfsi_plus_gutenburg_max_per_row":"","footnotes":""},"categories":[2],"tags":[],"class_list":["post-131756","post","type-post","status-publish","format-standard","has-post-thumbnail","hentry","category-geral"],"_links":{"self":[{"href":"https:\/\/www.caririemacao.com\/1\/wp-json\/wp\/v2\/posts\/131756","targetHints":{"allow":["GET"]}}],"collection":[{"href":"https:\/\/www.caririemacao.com\/1\/wp-json\/wp\/v2\/posts"}],"about":[{"href":"https:\/\/www.caririemacao.com\/1\/wp-json\/wp\/v2\/types\/post"}],"author":[{"embeddable":true,"href":"https:\/\/www.caririemacao.com\/1\/wp-json\/wp\/v2\/users\/1"}],"replies":[{"embeddable":true,"href":"https:\/\/www.caririemacao.com\/1\/wp-json\/wp\/v2\/comments?post=131756"}],"version-history":[{"count":1,"href":"https:\/\/www.caririemacao.com\/1\/wp-json\/wp\/v2\/posts\/131756\/revisions"}],"predecessor-version":[{"id":131759,"href":"https:\/\/www.caririemacao.com\/1\/wp-json\/wp\/v2\/posts\/131756\/revisions\/131759"}],"wp:featuredmedia":[{"embeddable":true,"href":"https:\/\/www.caririemacao.com\/1\/wp-json\/wp\/v2\/media\/131758"}],"wp:attachment":[{"href":"https:\/\/www.caririemacao.com\/1\/wp-json\/wp\/v2\/media?parent=131756"}],"wp:term":[{"taxonomy":"category","embeddable":true,"href":"https:\/\/www.caririemacao.com\/1\/wp-json\/wp\/v2\/categories?post=131756"},{"taxonomy":"post_tag","embeddable":true,"href":"https:\/\/www.caririemacao.com\/1\/wp-json\/wp\/v2\/tags?post=131756"}],"curies":[{"name":"wp","href":"https:\/\/api.w.org\/{rel}","templated":true}]}}