{"id":131765,"date":"2019-11-01T07:05:55","date_gmt":"2019-11-01T10:05:55","guid":{"rendered":"http:\/\/www.caririemacao.com\/1\/?p=131765"},"modified":"2019-11-01T07:05:55","modified_gmt":"2019-11-01T10:05:55","slug":"primeira-dama-visita-monteiro-e-anuncia-centro-de-referencia-do-artesanato","status":"publish","type":"post","link":"https:\/\/www.caririemacao.com\/1\/2019\/11\/01\/primeira-dama-visita-monteiro-e-anuncia-centro-de-referencia-do-artesanato\/","title":{"rendered":"Primeira-dama visita Monteiro e anuncia Centro de Refer\u00eancia do Artesanato"},"content":{"rendered":"\n<p>A primeira-dama do Estado e presidente de Honra do Programa do Artesanato da Para\u00edba (PAP), Ana Maria Lins, visitou nesta quinta-feira (31) a Associa\u00e7\u00e3o das Rendeiras de Renda Renascen\u00e7a de Monteiro, no Cariri paraibano. Juntamente com a gestora do PAP, Marielza Rodriguez, ela tem mantido uma s\u00e9rie de reuni\u00f5es para discutir com as rendeiras da renda renascen\u00e7a alternativas para incrementar a comercializa\u00e7\u00e3o da tipologia.<\/p>\n\n\n\n<p>Durante a visita, a primeira-dama do Estado, ao lado da prefeita de Monteiro, Anna Lorena Farias, anunciou que por meio de uma parceria entre o Governo do Estado e o munic\u00edpio ser\u00e1 criado o Centro de Refer\u00eancia do Artesanato. O pr\u00e9dio, cedido pela Prefeitura, proporcionar\u00e1 melhores condi\u00e7\u00f5es de venda, pondo o artes\u00e3o em contato mais direto com turistas que visitam Monteiro.<\/p>\n\n\n\n<p>Na ocasi\u00e3o, Ana Maria Lins destacou a import\u00e2ncia do Centro de Refer\u00eancia do Artesanato para os artes\u00e3os de Monteiro. &#8220;S\u00e3o iniciativas como esta, em que Governo do Estado e o munic\u00edpio agem de forma conjunta, que promovem bem-estar, cidadania e melhores condi\u00e7\u00f5es de vida. Creio que a\u00e7\u00f5es assim s\u00e3o uma alternativa real para aumentar as vendas da renda renascen\u00e7a&#8221;, afirmou.<\/p>\n\n\n\n<p>A gestora do PAP, Marielza Rodriguez, tamb\u00e9m ressaltou a import\u00e2ncia do equipamento para os artes\u00e3os de Monteiro e do Cariri paraibano. &#8220;\u00c9 mais um sonho que se realiza por meio do Governo do Estado e a Prefeitura Municipal de Monteiro. Agora os artes\u00e3os t\u00eam um espa\u00e7o amplo e que lhes proporcionar\u00e1 ainda mais dignidade&#8221;, disse.<\/p>\n\n\n\n<p>Por sua vez, a prefeita de Monteiro, Anna Lorena de Farias, tamb\u00e9m comemorou a parceria com o Governo do Estado. &#8220;Antes de tudo, agradecer a visita da primeira-dama ao nosso munic\u00edpio, um momento muito importante, j\u00e1 que o incentivo ao artesanato fomenta a economia do munic\u00edpio. Esperamos que este Centro seja refer\u00eancia para todo o Cariri paraibano&#8221;, disse.<\/p>\n\n\n\n<p>A vice-presidente da Associa\u00e7\u00e3o das Rendeiras de Renda Renascen\u00e7a de Monteiro, Maria Eliete Bezerra, comemorou a parceria entre o Governo do Estado e o munic\u00edpio de Monteiro. &#8220;\u00c9 um sonho antigo que se realiza, e queremos agradecer ao governador Jo\u00e3o Azev\u00eado, em nome da primeira-dama, e tamb\u00e9m \u00e0 prefeita Anna Lorena por esse presente&#8221;, comentou.<\/p>\n\n\n\n<p>Participaram ainda da visita da primeira-dama a Monteiro a curadora do PAP, Janete Rodriguez; a coordenadora do Programa, Yara Alencar; e o coordenador do Projeto de Desenvolvimento Sustent\u00e1vel do Cariri, Serid\u00f3 e Curimata\u00fa (Procase), Aristeu Chaves.<\/p>\n\n\n\n<p>Em Zabel\u00ea &#8211; A primeira-dama do Estado, Ana Maria Lins, tamb\u00e9m visitou nesta quinta-feira a Associa\u00e7\u00e3o dos Produtores de Arte do munic\u00edpio de Zabel\u00ea (Apaz), ainda no Cariri paraibano. Na ocasi\u00e3o, a primeira-dama e a gestora do PAP discutiram meios para aumentar a comercializa\u00e7\u00e3o da renda renascen\u00e7a produzida no munic\u00edpio.<\/p>\n\n\n\n<p>A renda renascen\u00e7a \u00e9 o s\u00edmbolo da cultura da regi\u00e3o do Cariri paraibano. Presente nos munic\u00edpios de Camala\u00fa, S\u00e3o Jo\u00e3o do Tigre, S\u00e3o Sebasti\u00e3o de Umbuzeiro, Monteiro e Zabel\u00ea, a renda renascen\u00e7a tem o envolvimento de mais de 4 mil artes\u00e3os, maior parte formada por mulheres.<\/p>\n\n\n\n<p>Na ocasi\u00e3o, a primeira-dama destacou a import\u00e2ncia da renda renascen\u00e7a para ocupa\u00e7\u00e3o e gera\u00e7\u00e3o de renda e tamb\u00e9m para a preserva\u00e7\u00e3o da identidade cultural do Cariri do Estado. &#8220;Esse encontro \u00e9 muito importante para que possamos, junto com as rendeiras, discutir formas de valorizar ainda mais esse trabalho, preservando a cultura e melhorando a comercializa\u00e7\u00e3o&#8221;, afirmou.<\/p>\n\n\n\n<p>A gestora do PAP, Marielza Rodriguez, tamb\u00e9m destacou a import\u00e2ncia dos encontros com os artes\u00e3os da renda renascen\u00e7a. &#8220;As a\u00e7\u00f5es do governador Jo\u00e3o Azev\u00eado t\u00eam proporcionado n\u00e3o apenas trabalhar o Programa do Artesanato como um todo, mas buscar melhorar segmentos espec\u00edficos do artesanato paraibano, a exemplo da renda renascen\u00e7a. A presen\u00e7a da primeira-dama e presidente de Honra do Programa do Artesanato da Para\u00edba vem trazer esse olhar diferenciado que a renda renascen\u00e7a necessita&#8221;, disse.<\/p>\n\n\n\n<p>J\u00e1 a presidente da Apaz, Maria da Concei\u00e7\u00e3o Ventura, agradeceu a visita da primeira-dama \u00e0 associa\u00e7\u00e3o. &#8220;Essa visita, al\u00e9m de representar um privil\u00e9gio para todos n\u00f3s, nos deixa ainda mais confiantes na efic\u00e1cia das a\u00e7\u00f5es do Governo do Estado, principalmente na melhoria de nossa renda. Quero, em nome de todas as rendeiras do Cariri, agradecer essa oportunidade \u00e0 primeira-dama&#8221;, comentou.<\/p>\n\n\n\n<p>A secret\u00e1ria de Cultura e Turismo de Zabel\u00ea, Fabiana Monteiro, afirmou que a visita da primeira-dama mostra a sensibilidade do Governo do Estado com o artesanato paraibano. &#8220;Considero muito relevante a visita da primeira-dama, porque significa que ela tem essa sensibilidade de olhar, de vir, e n\u00e3o apenas de enviar algu\u00e9m que trabalhe no Programa do Artesanato, de olhar a realidade das mulheres, o valor hist\u00f3rico da renda renascen\u00e7a&#8221;.<\/p>\n","protected":false},"excerpt":{"rendered":"<p>A primeira-dama do Estado e presidente de Honra do Programa do Artesanato da Para\u00edba (PAP), Ana Maria Lins, visitou nesta quinta-feira (31) a Associa\u00e7\u00e3o das&hellip; <\/p>\n","protected":false},"author":1,"featured_media":131803,"comment_status":"closed","ping_status":"closed","sticky":false,"template":"","format":"standard","meta":{"sfsi_plus_gutenberg_text_before_share":"","sfsi_plus_gutenberg_show_text_before_share":"","sfsi_plus_gutenberg_icon_type":"","sfsi_plus_gutenberg_icon_alignemt":"","sfsi_plus_gutenburg_max_per_row":"","footnotes":""},"categories":[2],"tags":[],"class_list":["post-131765","post","type-post","status-publish","format-standard","has-post-thumbnail","hentry","category-geral"],"_links":{"self":[{"href":"https:\/\/www.caririemacao.com\/1\/wp-json\/wp\/v2\/posts\/131765","targetHints":{"allow":["GET"]}}],"collection":[{"href":"https:\/\/www.caririemacao.com\/1\/wp-json\/wp\/v2\/posts"}],"about":[{"href":"https:\/\/www.caririemacao.com\/1\/wp-json\/wp\/v2\/types\/post"}],"author":[{"embeddable":true,"href":"https:\/\/www.caririemacao.com\/1\/wp-json\/wp\/v2\/users\/1"}],"replies":[{"embeddable":true,"href":"https:\/\/www.caririemacao.com\/1\/wp-json\/wp\/v2\/comments?post=131765"}],"version-history":[{"count":1,"href":"https:\/\/www.caririemacao.com\/1\/wp-json\/wp\/v2\/posts\/131765\/revisions"}],"predecessor-version":[{"id":131804,"href":"https:\/\/www.caririemacao.com\/1\/wp-json\/wp\/v2\/posts\/131765\/revisions\/131804"}],"wp:featuredmedia":[{"embeddable":true,"href":"https:\/\/www.caririemacao.com\/1\/wp-json\/wp\/v2\/media\/131803"}],"wp:attachment":[{"href":"https:\/\/www.caririemacao.com\/1\/wp-json\/wp\/v2\/media?parent=131765"}],"wp:term":[{"taxonomy":"category","embeddable":true,"href":"https:\/\/www.caririemacao.com\/1\/wp-json\/wp\/v2\/categories?post=131765"},{"taxonomy":"post_tag","embeddable":true,"href":"https:\/\/www.caririemacao.com\/1\/wp-json\/wp\/v2\/tags?post=131765"}],"curies":[{"name":"wp","href":"https:\/\/api.w.org\/{rel}","templated":true}]}}