{"id":131773,"date":"2019-11-01T00:01:59","date_gmt":"2019-11-01T03:01:59","guid":{"rendered":"http:\/\/www.caririemacao.com\/1\/?p=131773"},"modified":"2019-10-31T19:25:38","modified_gmt":"2019-10-31T22:25:38","slug":"operacao-enem-policia-militar-reforca-acoes-de-seguranca-nos-locais-de-prova-na-pb","status":"publish","type":"post","link":"https:\/\/www.caririemacao.com\/1\/2019\/11\/01\/operacao-enem-policia-militar-reforca-acoes-de-seguranca-nos-locais-de-prova-na-pb\/","title":{"rendered":"Opera\u00e7\u00e3o Enem: Pol\u00edcia Militar refor\u00e7a a\u00e7\u00f5es de seguran\u00e7a nos locais de prova na PB"},"content":{"rendered":"\n<p>Para garantir a seguran\u00e7a dos mais de 147 mil candidatos inscritos no Exame Nacional do Ensino M\u00e9dio (Enem) durante a prova, a Pol\u00edcia Militar preparou um esquema especial de seguran\u00e7a com 1.500 policiais atuando nos 378 locais de aplica\u00e7\u00e3o do exame.<\/p>\n\n\n\n<p>A Opera\u00e7\u00e3o Enem come\u00e7a neste final de semana com o objetivo de combater os crimes patrimoniais e contra a vida nos locais de prova, distribu\u00eddos em 51 munic\u00edpios do Estado.<\/p>\n\n\n\n<p>A PM atuar\u00e1 tamb\u00e9m nas escoltas, em apoio ao transporte das provas para os locais de aplica\u00e7\u00e3o. Na regi\u00e3o metropolitana de Jo\u00e3o Pessoa ser\u00e3o 12 cidades com 148 locais de prova.<\/p>\n\n\n\n<p>A Opera\u00e7\u00e3o Enem acontece nos finais de semana de realiza\u00e7\u00e3o do exame, especialmente nos domingos, dias 3 e 10 de novembro.<\/p>\n\n\n\n<p>\u201cSer\u00e3o empregadas 256 viaturas, diversos processos de policiamento \u2013 a p\u00e9, motorizado com quatro e duas rodas \u2013 e atua\u00e7\u00e3o das unidades especializadas e de \u00e1rea\u201d, explicou o capit\u00e3o Onierbeth Elias, coordenador de escoltas.<\/p>\n\n\n\n<p>A corpora\u00e7\u00e3o acompanhar\u00e1 a Opera\u00e7\u00e3o em tempo real, a partir dos Centros Integrados de Comando e Controle instalados nas cidades-sede dos tr\u00eas Comandos Regionais da PM: Jo\u00e3o Pessoa, Campina Grande e Patos.<\/p>\n\n\n\n<p>A Pol\u00edcia Militar atuar\u00e1 em conjunto com outros \u00f3rg\u00e3os, como as Pol\u00edcias Federal, Rodovi\u00e1ria Federal, Civil, Corpo de Bombeiros Militar, Inep, Funda\u00e7\u00e3o Cesgranrio, Correios, entre outros.<\/p>\n","protected":false},"excerpt":{"rendered":"<p>Para garantir a seguran\u00e7a dos mais de 147 mil candidatos inscritos no Exame Nacional do Ensino M\u00e9dio (Enem) durante a prova, a Pol\u00edcia Militar preparou&hellip; <\/p>\n","protected":false},"author":1,"featured_media":65488,"comment_status":"closed","ping_status":"closed","sticky":false,"template":"","format":"standard","meta":{"sfsi_plus_gutenberg_text_before_share":"","sfsi_plus_gutenberg_show_text_before_share":"","sfsi_plus_gutenberg_icon_type":"","sfsi_plus_gutenberg_icon_alignemt":"","sfsi_plus_gutenburg_max_per_row":"","footnotes":""},"categories":[12],"tags":[],"class_list":["post-131773","post","type-post","status-publish","format-standard","has-post-thumbnail","hentry","category-policia"],"_links":{"self":[{"href":"https:\/\/www.caririemacao.com\/1\/wp-json\/wp\/v2\/posts\/131773","targetHints":{"allow":["GET"]}}],"collection":[{"href":"https:\/\/www.caririemacao.com\/1\/wp-json\/wp\/v2\/posts"}],"about":[{"href":"https:\/\/www.caririemacao.com\/1\/wp-json\/wp\/v2\/types\/post"}],"author":[{"embeddable":true,"href":"https:\/\/www.caririemacao.com\/1\/wp-json\/wp\/v2\/users\/1"}],"replies":[{"embeddable":true,"href":"https:\/\/www.caririemacao.com\/1\/wp-json\/wp\/v2\/comments?post=131773"}],"version-history":[{"count":1,"href":"https:\/\/www.caririemacao.com\/1\/wp-json\/wp\/v2\/posts\/131773\/revisions"}],"predecessor-version":[{"id":131774,"href":"https:\/\/www.caririemacao.com\/1\/wp-json\/wp\/v2\/posts\/131773\/revisions\/131774"}],"wp:featuredmedia":[{"embeddable":true,"href":"https:\/\/www.caririemacao.com\/1\/wp-json\/wp\/v2\/media\/65488"}],"wp:attachment":[{"href":"https:\/\/www.caririemacao.com\/1\/wp-json\/wp\/v2\/media?parent=131773"}],"wp:term":[{"taxonomy":"category","embeddable":true,"href":"https:\/\/www.caririemacao.com\/1\/wp-json\/wp\/v2\/categories?post=131773"},{"taxonomy":"post_tag","embeddable":true,"href":"https:\/\/www.caririemacao.com\/1\/wp-json\/wp\/v2\/tags?post=131773"}],"curies":[{"name":"wp","href":"https:\/\/api.w.org\/{rel}","templated":true}]}}