{"id":131775,"date":"2019-11-01T00:02:46","date_gmt":"2019-11-01T03:02:46","guid":{"rendered":"http:\/\/www.caririemacao.com\/1\/?p=131775"},"modified":"2019-10-31T19:27:01","modified_gmt":"2019-10-31T22:27:01","slug":"%e2%80%8bsobe-para-30-o-numero-de-casos-confirmados-de-sarampo-na-paraiba","status":"publish","type":"post","link":"https:\/\/www.caririemacao.com\/1\/2019\/11\/01\/%e2%80%8bsobe-para-30-o-numero-de-casos-confirmados-de-sarampo-na-paraiba\/","title":{"rendered":"\u200bSobe para 30 o n\u00famero de casos confirmados de sarampo na Para\u00edba"},"content":{"rendered":"\n<p>O secret\u00e1rio de Estado da Sa\u00fade, Geraldo Medeiros, enviou ao ClickPB dados sobre os casos de sarampo na Para\u00edba. S\u00e3o agora 30 casos confirmados da doen\u00e7a.<\/p>\n\n\n\n<p>Os dados que constam da Semana 43 s\u00e3o de que h\u00e1 286 casos notificados e 112 descartados. Outros 144 casos est\u00e3o em investiga\u00e7\u00e3o.<\/p>\n\n\n\n<p>Dos 30 confirmados, Jo\u00e3o Pessoa tem 13 deles, Santa Rita e Bayeux tem 3 casos cada munic\u00edpio, e Sousa e Santa Cec\u00edlia, dois casos, cada. Os outros registros de sarampo s\u00e3o em Congo, Imaculada, Cabedelo, Barra de S\u00e3o Miguel, Lagoa Seca, Guarabira e S\u00e3o Miguel de Taipu.<\/p>\n\n\n\n<figure class=\"wp-block-image\"><img decoding=\"async\" data-src=\"https:\/\/www.clickpb.com.br\/media\/filer_public\/7a\/57\/7a570a0c-36e2-4678-8c7a-5dad171c2849\/30_casos_confirmados_sarampo_paraiba.jpeg\" alt=\"\" src=\"data:image\/svg+xml;base64,PHN2ZyB3aWR0aD0iMSIgaGVpZ2h0PSIxIiB4bWxucz0iaHR0cDovL3d3dy53My5vcmcvMjAwMC9zdmciPjwvc3ZnPg==\" class=\"lazyload\" \/><\/figure>\n\n\n\n<p>No boletim anterior, foi registrada a confirma\u00e7\u00e3o de 21 casos de sarampo no Estado, al\u00e9m de 152 casos em investiga\u00e7\u00e3o. No total, foram 273 notifica\u00e7\u00f5es, mas 100 casos j\u00e1 tinham sido descartados de acordo com dados informados ao ClickPB na quinta-feira (17) pela Secretaria de Estado da Sa\u00fade (SES-PB).<\/p>\n\n\n\n<p>Os principais sintomas do sarampo s\u00e3o febre acompanhada de tosse, irrita\u00e7\u00e3o nos olhos, nariz escorrendo ou entupido, mal-estar intenso. Em torno de tr\u00eas a cinco dias, podem aparecer outros sinais e sintomas, como manchas vermelhas no rosto e atr\u00e1s das orelhas que, em seguida, se espalham pelo corpo.<\/p>\n\n\n\n<p>Para a pessoa que apresentar esses sintomas, a recomenda\u00e7\u00e3o \u00e9 n\u00e3o fazer uso de nenhum medicamento sem orienta\u00e7\u00e3o m\u00e9dica e procurar o servi\u00e7o de sa\u00fade mais pr\u00f3ximo.<\/p>\n\n\n\n<p>O sarampo \u00e9 uma doen\u00e7a grave que pode deixar sequelas por toda a vida ou causar o \u00f3bito. Algumas das complica\u00e7\u00f5es que podem decorrer da doen\u00e7a em crian\u00e7as s\u00e3o otite m\u00e9dia aguda, pneumonia, encefalite aguda e morte. Em adultos, complica\u00e7\u00e3o mais comum \u00e9 a pneumonia. Em gestantes, a doen\u00e7a pode fazer que o beb\u00ea nas\u00e7a prematuramente e com baixo peso.<\/p>\n","protected":false},"excerpt":{"rendered":"<p>O secret\u00e1rio de Estado da Sa\u00fade, Geraldo Medeiros, enviou ao ClickPB dados sobre os casos de sarampo na Para\u00edba. S\u00e3o agora 30 casos confirmados da&hellip; <\/p>\n","protected":false},"author":1,"featured_media":59383,"comment_status":"closed","ping_status":"closed","sticky":false,"template":"","format":"standard","meta":{"sfsi_plus_gutenberg_text_before_share":"","sfsi_plus_gutenberg_show_text_before_share":"","sfsi_plus_gutenberg_icon_type":"","sfsi_plus_gutenberg_icon_alignemt":"","sfsi_plus_gutenburg_max_per_row":"","footnotes":""},"categories":[16],"tags":[],"class_list":["post-131775","post","type-post","status-publish","format-standard","has-post-thumbnail","hentry","category-saude"],"_links":{"self":[{"href":"https:\/\/www.caririemacao.com\/1\/wp-json\/wp\/v2\/posts\/131775","targetHints":{"allow":["GET"]}}],"collection":[{"href":"https:\/\/www.caririemacao.com\/1\/wp-json\/wp\/v2\/posts"}],"about":[{"href":"https:\/\/www.caririemacao.com\/1\/wp-json\/wp\/v2\/types\/post"}],"author":[{"embeddable":true,"href":"https:\/\/www.caririemacao.com\/1\/wp-json\/wp\/v2\/users\/1"}],"replies":[{"embeddable":true,"href":"https:\/\/www.caririemacao.com\/1\/wp-json\/wp\/v2\/comments?post=131775"}],"version-history":[{"count":1,"href":"https:\/\/www.caririemacao.com\/1\/wp-json\/wp\/v2\/posts\/131775\/revisions"}],"predecessor-version":[{"id":131776,"href":"https:\/\/www.caririemacao.com\/1\/wp-json\/wp\/v2\/posts\/131775\/revisions\/131776"}],"wp:featuredmedia":[{"embeddable":true,"href":"https:\/\/www.caririemacao.com\/1\/wp-json\/wp\/v2\/media\/59383"}],"wp:attachment":[{"href":"https:\/\/www.caririemacao.com\/1\/wp-json\/wp\/v2\/media?parent=131775"}],"wp:term":[{"taxonomy":"category","embeddable":true,"href":"https:\/\/www.caririemacao.com\/1\/wp-json\/wp\/v2\/categories?post=131775"},{"taxonomy":"post_tag","embeddable":true,"href":"https:\/\/www.caririemacao.com\/1\/wp-json\/wp\/v2\/tags?post=131775"}],"curies":[{"name":"wp","href":"https:\/\/api.w.org\/{rel}","templated":true}]}}