{"id":131777,"date":"2019-11-01T00:27:09","date_gmt":"2019-11-01T03:27:09","guid":{"rendered":"http:\/\/www.caririemacao.com\/1\/?p=131777"},"modified":"2019-10-31T19:29:33","modified_gmt":"2019-10-31T22:29:33","slug":"adriano-galdino-pede-que-deputados-nao-confrontem-mourao-em-possivel-vinda-do-vice-presidente-a-paraiba","status":"publish","type":"post","link":"https:\/\/www.caririemacao.com\/1\/2019\/11\/01\/adriano-galdino-pede-que-deputados-nao-confrontem-mourao-em-possivel-vinda-do-vice-presidente-a-paraiba\/","title":{"rendered":"Adriano Galdino pede que deputados n\u00e3o confrontem Mour\u00e3o em poss\u00edvel vinda do vice-presidente \u00e0 Para\u00edba"},"content":{"rendered":"\n<p>O presidente da Assembleia Legislativa da Para\u00edba (ALPB), Adriano Galdino, fez uma recomenda\u00e7\u00e3o um pouco inusitada aos deputados estaduais, nessa quarta-feira (30). Em plen\u00e1rio, ele pediu que os parlamentares n\u00e3o confrontassem Hamilton Mour\u00e3o. O&nbsp;<a href=\"https:\/\/www.clickpb.com.br\/politica\/alpb-aprova-titulo-de-cidadao-paraibano-para-o-vice-presidente-hamilton-mourao-270910.html\">vice-presidente deve vir \u00e0 Para\u00edba receber o T\u00edtulo de Cidad\u00e3o Paraibano<\/a>&nbsp;proposto por Wallber Virgolino e aprovado em plen\u00e1rio na ter\u00e7a-feira (29).<\/p>\n\n\n\n<p>&#8220;H\u00e1 uma possibilidade do vice-presidente Mour\u00e3o vir receber o t\u00edtulo aqui, se ele por acaso vir, se o nosso vice-presidente aqui vier, o \u00fanico discurso e cobran\u00e7a nossa ser\u00e1 nesse sentido, de pedir a ele que a gente possa ter a ajuda dele para o retorno das \u00e1guas para chegarem a Boqueir\u00e3o. N\u00e3o vamos fazer aqui na Assembleia um palco de cr\u00edticas ao governo, de enfrentamento. Isso eu n\u00e3o quero e pe\u00e7o aos senhores. Porque n\u00e3o tem sentido a gente trazer o vice-presidente aqui e fazer da Assembleia um campo de batalha, pra gente colocar as nossas diverg\u00eancias pol\u00edticas e ideol\u00f3gicas. Isso eu n\u00e3o quero e pe\u00e7o aos senhores que n\u00e3o o fa\u00e7am. N\u00f3s queremos que ele venha aqui para que a gente possa cobrar dele, que ele possa agilizar, pedir apoio para que essa \u00e1gua possa voltar o mais r\u00e1pido poss\u00edvel&#8221;, explicou Adriano Galdino.<\/p>\n\n\n\n<p>No&nbsp;<a href=\"https:\/\/www.facebook.com\/adrigaldino1\/videos\/496847727576984\/\">Facebook<\/a>, o presidente da ALPB publicou trecho em que fala sobre isso e deu a seguinte legenda ao material. &#8220;Explanando minha opini\u00e3o com rela\u00e7\u00e3o a transposi\u00e7\u00e3o do Rio S\u00e3o Francisco, hoje, em mais uma sess\u00e3o.&#8221;<\/p>\n","protected":false},"excerpt":{"rendered":"<p>O presidente da Assembleia Legislativa da Para\u00edba (ALPB), Adriano Galdino, fez uma recomenda\u00e7\u00e3o um pouco inusitada aos deputados estaduais, nessa quarta-feira (30). Em plen\u00e1rio, ele&hellip; <\/p>\n","protected":false},"author":1,"featured_media":131778,"comment_status":"closed","ping_status":"closed","sticky":false,"template":"","format":"standard","meta":{"sfsi_plus_gutenberg_text_before_share":"","sfsi_plus_gutenberg_show_text_before_share":"","sfsi_plus_gutenberg_icon_type":"","sfsi_plus_gutenberg_icon_alignemt":"","sfsi_plus_gutenburg_max_per_row":"","footnotes":""},"categories":[11],"tags":[],"class_list":["post-131777","post","type-post","status-publish","format-standard","has-post-thumbnail","hentry","category-politica"],"_links":{"self":[{"href":"https:\/\/www.caririemacao.com\/1\/wp-json\/wp\/v2\/posts\/131777","targetHints":{"allow":["GET"]}}],"collection":[{"href":"https:\/\/www.caririemacao.com\/1\/wp-json\/wp\/v2\/posts"}],"about":[{"href":"https:\/\/www.caririemacao.com\/1\/wp-json\/wp\/v2\/types\/post"}],"author":[{"embeddable":true,"href":"https:\/\/www.caririemacao.com\/1\/wp-json\/wp\/v2\/users\/1"}],"replies":[{"embeddable":true,"href":"https:\/\/www.caririemacao.com\/1\/wp-json\/wp\/v2\/comments?post=131777"}],"version-history":[{"count":1,"href":"https:\/\/www.caririemacao.com\/1\/wp-json\/wp\/v2\/posts\/131777\/revisions"}],"predecessor-version":[{"id":131779,"href":"https:\/\/www.caririemacao.com\/1\/wp-json\/wp\/v2\/posts\/131777\/revisions\/131779"}],"wp:featuredmedia":[{"embeddable":true,"href":"https:\/\/www.caririemacao.com\/1\/wp-json\/wp\/v2\/media\/131778"}],"wp:attachment":[{"href":"https:\/\/www.caririemacao.com\/1\/wp-json\/wp\/v2\/media?parent=131777"}],"wp:term":[{"taxonomy":"category","embeddable":true,"href":"https:\/\/www.caririemacao.com\/1\/wp-json\/wp\/v2\/categories?post=131777"},{"taxonomy":"post_tag","embeddable":true,"href":"https:\/\/www.caririemacao.com\/1\/wp-json\/wp\/v2\/tags?post=131777"}],"curies":[{"name":"wp","href":"https:\/\/api.w.org\/{rel}","templated":true}]}}