{"id":131782,"date":"2019-11-01T00:31:59","date_gmt":"2019-11-01T03:31:59","guid":{"rendered":"http:\/\/www.caririemacao.com\/1\/?p=131782"},"modified":"2019-10-31T19:32:13","modified_gmt":"2019-10-31T22:32:13","slug":"maia-se-revolta-e-chama-de-repugnante-flerte-de-filho-de-bolsonaro-com-ai-5","status":"publish","type":"post","link":"https:\/\/www.caririemacao.com\/1\/2019\/11\/01\/maia-se-revolta-e-chama-de-repugnante-flerte-de-filho-de-bolsonaro-com-ai-5\/","title":{"rendered":"Maia se revolta e chama de &#8216;repugnante&#8217; flerte de filho de Bolsonaro com AI-5"},"content":{"rendered":"\n<p>Revoltado com a fala do deputado federal, Eduardo Bolsonaro, que \u00e9&nbsp;filho do presidente da rep\u00fablica Jair Bolsonaro, o&nbsp;presidente da C\u00e2mara dos Deputados, Rodrigo Maia (DEM) disse que as declara\u00e7\u00f5es do deputado&nbsp;sobre a poss\u00edvel volta do AI-5 caso a &#8220;esquerda radicalizasse&#8221; no Brasil s\u00e3o&nbsp;repugnantes. A declara\u00e7\u00e3o foi feita logo ap\u00f3s a fala do parlamentar.&nbsp;<\/p>\n\n\n\n<p>Para Maia,&nbsp;al\u00e9m de &#8220;repugnante&#8221;, Eduardo \u00e9 pass\u00edvel de puni\u00e7\u00e3o pelo cargo que representa. Confira a nota que ele divulgou na tarde desta quinta-feira (31).<\/p>\n\n\n\n<p>&#8220;Uma Na\u00e7\u00e3o s\u00f3 \u00e9 forte quando suas institui\u00e7\u00f5es s\u00e3o fortes. O Brasil \u00e9 um Estado democr\u00e1tico de Direito e retornou \u00e0 normalidade institucional desde 15 de mar\u00e7o de 1985, quando a ditadura militar foi encerrada com a posse de um governo civil. Eduardo Bolsonaro, que exerce o mandato de deputado federal para o qual foi eleito pelo povo de S\u00e3o Paulo, ao tomar posse jurou respeitar a Constitui\u00e7\u00e3o de 1988. Foi essa Constitui\u00e7\u00e3o, a mais longeva&nbsp;Carta Magna brasileira, que fez o pa\u00eds reencontrar&nbsp;sua normalidade institucional e democr\u00e1tica. A Carta de 88 abomina, criminaliza e&nbsp;tem instrumentos para punir quaisquer grupos ou cidad\u00e3os que atentem&nbsp;contra seus princ\u00edpios e atos institucionais atentam contra os princ\u00edpios e os fundamentos de nossa Constitui\u00e7\u00e3o&#8221;.&nbsp;<\/p>\n","protected":false},"excerpt":{"rendered":"<p>Revoltado com a fala do deputado federal, Eduardo Bolsonaro, que \u00e9&nbsp;filho do presidente da rep\u00fablica Jair Bolsonaro, o&nbsp;presidente da C\u00e2mara dos Deputados, Rodrigo Maia (DEM)&hellip; <\/p>\n","protected":false},"author":1,"featured_media":103554,"comment_status":"closed","ping_status":"closed","sticky":false,"template":"","format":"standard","meta":{"sfsi_plus_gutenberg_text_before_share":"","sfsi_plus_gutenberg_show_text_before_share":"","sfsi_plus_gutenberg_icon_type":"","sfsi_plus_gutenberg_icon_alignemt":"","sfsi_plus_gutenburg_max_per_row":"","footnotes":""},"categories":[11],"tags":[],"class_list":["post-131782","post","type-post","status-publish","format-standard","has-post-thumbnail","hentry","category-politica"],"_links":{"self":[{"href":"https:\/\/www.caririemacao.com\/1\/wp-json\/wp\/v2\/posts\/131782","targetHints":{"allow":["GET"]}}],"collection":[{"href":"https:\/\/www.caririemacao.com\/1\/wp-json\/wp\/v2\/posts"}],"about":[{"href":"https:\/\/www.caririemacao.com\/1\/wp-json\/wp\/v2\/types\/post"}],"author":[{"embeddable":true,"href":"https:\/\/www.caririemacao.com\/1\/wp-json\/wp\/v2\/users\/1"}],"replies":[{"embeddable":true,"href":"https:\/\/www.caririemacao.com\/1\/wp-json\/wp\/v2\/comments?post=131782"}],"version-history":[{"count":1,"href":"https:\/\/www.caririemacao.com\/1\/wp-json\/wp\/v2\/posts\/131782\/revisions"}],"predecessor-version":[{"id":131783,"href":"https:\/\/www.caririemacao.com\/1\/wp-json\/wp\/v2\/posts\/131782\/revisions\/131783"}],"wp:featuredmedia":[{"embeddable":true,"href":"https:\/\/www.caririemacao.com\/1\/wp-json\/wp\/v2\/media\/103554"}],"wp:attachment":[{"href":"https:\/\/www.caririemacao.com\/1\/wp-json\/wp\/v2\/media?parent=131782"}],"wp:term":[{"taxonomy":"category","embeddable":true,"href":"https:\/\/www.caririemacao.com\/1\/wp-json\/wp\/v2\/categories?post=131782"},{"taxonomy":"post_tag","embeddable":true,"href":"https:\/\/www.caririemacao.com\/1\/wp-json\/wp\/v2\/tags?post=131782"}],"curies":[{"name":"wp","href":"https:\/\/api.w.org\/{rel}","templated":true}]}}