{"id":131785,"date":"2019-11-01T00:32:19","date_gmt":"2019-11-01T03:32:19","guid":{"rendered":"http:\/\/www.caririemacao.com\/1\/?p=131785"},"modified":"2019-10-31T19:33:29","modified_gmt":"2019-10-31T22:33:29","slug":"quem-quer-que-fale-de-ai-5-esta-sonhando-diz-bolsonaro-sobre-declaracao-do-filho-eduardo-se-ele-falou-isso-lamento","status":"publish","type":"post","link":"https:\/\/www.caririemacao.com\/1\/2019\/11\/01\/quem-quer-que-fale-de-ai-5-esta-sonhando-diz-bolsonaro-sobre-declaracao-do-filho-eduardo-se-ele-falou-isso-lamento\/","title":{"rendered":"&#8216;Quem quer que fale de AI-5 est\u00e1 sonhando&#8217;, diz Bolsonaro sobre declara\u00e7\u00e3o do filho Eduardo; &#8216;Se ele falou isso, lamento&#8217;"},"content":{"rendered":"\n<p>O presidente Jair Bolsonaro comentou nesta quinta-feira (31) a fala do filho, o deputado federal Eduardo Bolsonaro (PSL-SP), sobre a possibilidade de um novo AI-5 caso a esquerda radicalize. O presidente lamentou a declara\u00e7\u00e3o de Eduardo e disse que quem fala em AI-5 &#8220;est\u00e1 sonhando&#8221;.<br><\/p>\n\n\n\n<p>A possibilidade de um novo AI-5 foi mencionada por Eduardo em entrevista para a jornalista Leda Nagle, divulgada nesta quinta no canal dela no YouTube. A fala gerou rea\u00e7\u00f5es contr\u00e1rias de entidades da sociedade civil e de pol\u00edticos.<\/p>\n\n\n\n<p>O Ato Institucional n\u00famero 5 (AI-5), editado em 1968, durante a ditadura militar, \u00e9 considerado a medida mais repressora do per\u00edodo. Resultou na cassa\u00e7\u00e3o mandatos pol\u00edticos e suspens\u00e3o de garantias constitucionais.<\/p>\n\n\n\n<p>Ao deixar a resid\u00eancia oficial do Pal\u00e1cio da Alvorada, Jair Bolsonaro foi questionado se concorda com um novo AI-5 e se a possibilidade est\u00e1 em estudo.<\/p>\n\n\n\n<p>&#8220;O AI-5 j\u00e1 existiu no passado, em outra Constitui\u00e7\u00e3o, n\u00e3o existe mais. Esquece. Vai acabar a entrevista aqui. Cobrem deles. Quem quer que seja que fale em AI-5, est\u00e1 sonhando. Est\u00e1 sonhando! N\u00e3o quero nem que d\u00ea not\u00edcia nesse sentido a\u00ed&#8221;, respondeu o presidente.<\/p>\n\n\n\n<p>Em seguida, os jornalistas perguntaram se o presidente vai cobrar o filho por causa da declara\u00e7\u00e3o sobre o AI-5.<\/p>\n\n\n\n<p>&#8220;Cobre voc\u00ea dele. Ele \u00e9 independente. Tem 35 anos, se n\u00e3o me engano [&#8230;] Se ele falou isso, que eu n\u00e3o estou sabendo, lamento. Lamento muito&#8221;, afirmou Bolsonaro.<\/p>\n","protected":false},"excerpt":{"rendered":"<p>O presidente Jair Bolsonaro comentou nesta quinta-feira (31) a fala do filho, o deputado federal Eduardo Bolsonaro (PSL-SP), sobre a possibilidade de um novo AI-5&hellip; <\/p>\n","protected":false},"author":1,"featured_media":131787,"comment_status":"closed","ping_status":"closed","sticky":false,"template":"","format":"standard","meta":{"sfsi_plus_gutenberg_text_before_share":"","sfsi_plus_gutenberg_show_text_before_share":"","sfsi_plus_gutenberg_icon_type":"","sfsi_plus_gutenberg_icon_alignemt":"","sfsi_plus_gutenburg_max_per_row":"","footnotes":""},"categories":[11],"tags":[],"class_list":["post-131785","post","type-post","status-publish","format-standard","has-post-thumbnail","hentry","category-politica"],"_links":{"self":[{"href":"https:\/\/www.caririemacao.com\/1\/wp-json\/wp\/v2\/posts\/131785","targetHints":{"allow":["GET"]}}],"collection":[{"href":"https:\/\/www.caririemacao.com\/1\/wp-json\/wp\/v2\/posts"}],"about":[{"href":"https:\/\/www.caririemacao.com\/1\/wp-json\/wp\/v2\/types\/post"}],"author":[{"embeddable":true,"href":"https:\/\/www.caririemacao.com\/1\/wp-json\/wp\/v2\/users\/1"}],"replies":[{"embeddable":true,"href":"https:\/\/www.caririemacao.com\/1\/wp-json\/wp\/v2\/comments?post=131785"}],"version-history":[{"count":1,"href":"https:\/\/www.caririemacao.com\/1\/wp-json\/wp\/v2\/posts\/131785\/revisions"}],"predecessor-version":[{"id":131786,"href":"https:\/\/www.caririemacao.com\/1\/wp-json\/wp\/v2\/posts\/131785\/revisions\/131786"}],"wp:featuredmedia":[{"embeddable":true,"href":"https:\/\/www.caririemacao.com\/1\/wp-json\/wp\/v2\/media\/131787"}],"wp:attachment":[{"href":"https:\/\/www.caririemacao.com\/1\/wp-json\/wp\/v2\/media?parent=131785"}],"wp:term":[{"taxonomy":"category","embeddable":true,"href":"https:\/\/www.caririemacao.com\/1\/wp-json\/wp\/v2\/categories?post=131785"},{"taxonomy":"post_tag","embeddable":true,"href":"https:\/\/www.caririemacao.com\/1\/wp-json\/wp\/v2\/tags?post=131785"}],"curies":[{"name":"wp","href":"https:\/\/api.w.org\/{rel}","templated":true}]}}