{"id":131791,"date":"2019-11-01T00:35:07","date_gmt":"2019-11-01T03:35:07","guid":{"rendered":"http:\/\/www.caririemacao.com\/1\/?p=131791"},"modified":"2019-10-31T19:36:26","modified_gmt":"2019-10-31T22:36:26","slug":"enem-e-um-dos-principais-intrumentos-de-acesso-ao-ensino-superior","status":"publish","type":"post","link":"https:\/\/www.caririemacao.com\/1\/2019\/11\/01\/enem-e-um-dos-principais-intrumentos-de-acesso-ao-ensino-superior\/","title":{"rendered":"Enem \u00e9 um dos principais intrumentos de acesso ao ensino superior"},"content":{"rendered":"\n<p>Os mais de 5 milh\u00f5es de estudantes que far\u00e3o o Exame Nacional do Ensino M\u00e9dio (Enem) domingo (3) e dia 10 poder\u00e3o usar as notas que obtiverem para acessar o ensino superior dentro e fora do pa\u00eds. As oportunidades s\u00e3o muitas e uma das principais condi\u00e7\u00f5es para participar dos processos seletivos \u00e9 n\u00e3o tirar zero na reda\u00e7\u00e3o.&nbsp;<\/p>\n\n\n\n<p>Todas as universidades federais do pa\u00eds usam o Enem de alguma forma, seja como processo seletivo \u00fanico, seja como uma das formas de admiss\u00e3o. Para ingressar em institui\u00e7\u00f5es p\u00fablicas federais, estaduais e municipais, o Sistema de Sele\u00e7\u00e3o Unificada (Sisu), que ocorre duas vezes por ano, \u00e9 uma das principais formas de acesso.&nbsp;<\/p>\n\n\n\n<p>Na&nbsp;<a href=\"http:\/\/agenciabrasil.ebc.com.br\/educacao\/noticia\/2019-01\/sisu-abre-inscricoes-na-terca-feira-confira-dicas\" target=\"_blank\" rel=\"noreferrer noopener\">primeira edi\u00e7\u00e3o deste ano<\/a>&nbsp;foram ofertadas mais de 235 mil vagas distribu\u00eddas em 129 universidades p\u00fablicas de todo o pa\u00eds. Na&nbsp;<a href=\"http:\/\/agenciabrasil.ebc.com.br\/educacao\/noticia\/2019-06\/cursos-com-maior-numero-de-vagas-no-sisu-sao-administracao-e-pedagogia\" target=\"_blank\" rel=\"noreferrer noopener\">segunda edi\u00e7\u00e3o<\/a>, foram mais de 59 mil vagas em 76 institui\u00e7\u00f5es p\u00fablicas de ensino.<\/p>\n\n\n\n<p>Algumas institui\u00e7\u00f5es usam a nota do Enem em processos pr\u00f3prios. Em 2020, a&nbsp;<a href=\"http:\/\/agenciabrasil.ebc.com.br\/educacao\/noticia\/2019-07\/unb-deixara-de-usar-o-sisu-em-2020\" target=\"_blank\" rel=\"noreferrer noopener\">Universidade de Bras\u00edlia<\/a>&nbsp;(UnB), por exemplo, deixar\u00e1 de usar o Sisu, mas os estudantes continuar\u00e3o podendo usar o exame como forma de ingresso.<\/p>\n\n\n\n<p>As institui\u00e7\u00f5es particulares tamb\u00e9m admitem estudantes com base na nota do Enem, seja por meio de programas do governo federal, seja por processos pr\u00f3prios. O Programa Universidade para Todos (ProUni) oferece bolsas de estudos nessas institui\u00e7\u00f5es. Neste ano, foram ofertadas, no primeiro semestre, cerca de&nbsp;<a href=\"http:\/\/agenciabrasil.ebc.com.br\/educacao\/noticia\/2019-01\/prouni-oferece-243888-bolsas-de-estudo-partir-de-amanha\" target=\"_blank\" rel=\"noreferrer noopener\">244 mil bolsas<\/a>&nbsp;de estudo em 1,2 mil institui\u00e7\u00f5es particulares de ensino. No segundo semestre, o total de bolsas foi&nbsp;<a href=\"http:\/\/agenciabrasil.ebc.com.br\/educacao\/noticia\/2019-06\/prouni-ofertara-1692-mil-bolsas-de-estudo-inscricoes-comecam-amanha\" target=\"_blank\" rel=\"noreferrer noopener\">169 mil<\/a>, em 1,1 mil institui\u00e7\u00f5es em todo o pa\u00eds.<\/p>\n\n\n\n<p>Tamb\u00e9m com base nas notas do Enem \u00e9 poss\u00edvel concorrer a financiamentos pelo&nbsp;<a href=\"http:\/\/agenciabrasil.ebc.com.br\/educacao\/noticia\/2019-06\/prouni-ofertara-1692-mil-bolsas-de-estudo-inscricoes-comecam-amanha\" target=\"_blank\" rel=\"noreferrer noopener\">Fundo de Financiamento Estudantil<\/a>&nbsp;(Fies). Neste ano, foram ofertadas 100 mil vagas na modalidade juro zero.<\/p>\n\n\n\n<p>Fora do pa\u00eds, o Enem tamb\u00e9m pode ser usado para admiss\u00e3o em universidades. Em Portugal, o&nbsp;<a href=\"http:\/\/agenciabrasil.ebc.com.br\/educacao\/noticia\/2019-10\/enem-e-aceito-em-42-instituicoes-de-ensino-portuguesas\" target=\"_blank\" rel=\"noreferrer noopener\">exame \u00e9 aceito<\/a>&nbsp;como forma de ingresso em 42 institui\u00e7\u00f5es de ensino.<\/p>\n\n\n\n<h2 class=\"wp-block-heading\">Vantagens do Enem<\/h2>\n\n\n\n<p>O Enem, que era usado para avaliar os estudantes do ensino m\u00e9dio, come\u00e7ou em 2009 a servir para o ingresso no ensino superior, ganhando uma roupagem de vestibular. A mudan\u00e7a trouxe vantagens, de acordo com especialistas. N\u00e3o \u00e9 mais necess\u00e1rio pagar v\u00e1rias taxas de vestibular e viajar o pa\u00eds para ter acesso a institui\u00e7\u00f5es de ensino superior.&nbsp;<\/p>\n\n\n\n<p>\u201cAntes, quando havia v\u00e1rias provas, elas eram muito diferentes. At\u00e9 hoje fa\u00e7o gabarito das provas e digo, com toda certeza, que meus alunos do Rio de Janeiro, de antigamente, n\u00e3o tinham condi\u00e7\u00f5es de enfrentar uma prova como a da UnB, por exemplo\u201d, diz o coordenador pedag\u00f3gico do ProEnem, plataforma&nbsp;<em>online<\/em>&nbsp;de prepara\u00e7\u00e3o para o exame, Diego Viug. \u201cDemocratizou muito o acesso ao ensino superior\u201d, acrescenta.&nbsp;<\/p>\n\n\n\n<p>O Enem pode, no entanto, ser aprimorado, de acordo com Marcelo Lima, vice-presidente de rela\u00e7\u00f5es institucionais da Quero Educa\u00e7\u00e3o, plataforma que desenvolve solu\u00e7\u00f5es para ajudar escolas a captarem e a manterem os alunos, Uma das mudan\u00e7as \u00e9 a aplica\u00e7\u00e3o mais de uma vez por ano. \u201cSe o aluno perde a data do Enem, n\u00e3o consegue mais fazer o exame no ano. Isso restringe o ingresso na faculdade\u201d, diz.&nbsp;<\/p>\n\n\n\n<p>Ele defende ainda que outros elementos sejam considerados na sele\u00e7\u00e3o para o ensino superior. O ideal, segundo Marcelo Lima, seria o aluno fazer v\u00e1rias provas ao longo do ensino m\u00e9dio. Ele sugere tamb\u00e9m que se fa\u00e7a&nbsp;an\u00e1lise&nbsp;de nota e da vida estudantil,&nbsp; observar se participou de trabalhos volunt\u00e1rios e avaliar suas habilidades socioemocionais. O que define o crit\u00e9rio para aprova\u00e7\u00e3o \u00e9&nbsp;ao longo do ensino m\u00e9dio e n\u00e3o uma \u00fanica prova, conforme disse.&nbsp;<\/p>\n\n\n\n<h2 class=\"wp-block-heading\">Mudan\u00e7as<\/h2>\n\n\n\n<p>Esta \u00e9 a \u00faltima edi\u00e7\u00e3o do Enem inteiramente de papel. A partir do ano que vem, a prova come\u00e7a a ser aplicada, ainda em vers\u00e3o teste,&nbsp;<a href=\"http:\/\/agenciabrasil.ebc.com.br\/educacao\/noticia\/2019-07\/enem-tera-aplicacao-digital-em-2020-em-fase-piloto\" target=\"_blank\" rel=\"noreferrer noopener\">digitalmente<\/a>. At\u00e9 2026, as provas dever\u00e3o ser todas feitas pelo computador. Com isso, a inten\u00e7\u00e3o \u00e9 que o exame seja aplicado mais de uma vez por ano.<\/p>\n\n\n\n<p>O exame tamb\u00e9m dever\u00e1 ser reformulado para atender ao novo ensino m\u00e9dio, que ainda est\u00e1 em fase de implementa\u00e7\u00e3o. Pelo novo modelo, os estudantes ter\u00e3o uma forma\u00e7\u00e3o comum, definida pela Base Nacional Comum Curricular, e poder\u00e3o, no restante da forma\u00e7\u00e3o, escolher uma especializa\u00e7\u00e3o por itiner\u00e1rios formativos. Os itiner\u00e1rios s\u00e3o: linguagens, matem\u00e1tica, ci\u00eancias da natureza, ci\u00eancias humanas e ensino t\u00e9cnico.<\/p>\n\n\n\n<p>A inten\u00e7\u00e3o \u00e9 que, quando o modelo estiver em pr\u00e1tica, o que dever\u00e1 ocorrer em 2021, o&nbsp;<a href=\"http:\/\/agenciabrasil.ebc.com.br\/educacao\/noticia\/2019-07\/mec-diz-que-enem-digital-podera-ter-videos-e-games\" target=\"_blank\" rel=\"noreferrer noopener\">Enem<\/a>&nbsp;tamb\u00e9m se adeque, passando a oferecer v\u00e1rias op\u00e7\u00f5es de prova para cada itiner\u00e1rio escolhido pelo estudante, al\u00e9m de avaliar a parte comum.<\/p>\n","protected":false},"excerpt":{"rendered":"<p>Os mais de 5 milh\u00f5es de estudantes que far\u00e3o o Exame Nacional do Ensino M\u00e9dio (Enem) domingo (3) e dia 10 poder\u00e3o usar as notas&hellip; <\/p>\n","protected":false},"author":1,"featured_media":131792,"comment_status":"closed","ping_status":"closed","sticky":false,"template":"","format":"standard","meta":{"sfsi_plus_gutenberg_text_before_share":"","sfsi_plus_gutenberg_show_text_before_share":"","sfsi_plus_gutenberg_icon_type":"","sfsi_plus_gutenberg_icon_alignemt":"","sfsi_plus_gutenburg_max_per_row":"","footnotes":""},"categories":[14],"tags":[],"class_list":["post-131791","post","type-post","status-publish","format-standard","has-post-thumbnail","hentry","category-educacao"],"_links":{"self":[{"href":"https:\/\/www.caririemacao.com\/1\/wp-json\/wp\/v2\/posts\/131791","targetHints":{"allow":["GET"]}}],"collection":[{"href":"https:\/\/www.caririemacao.com\/1\/wp-json\/wp\/v2\/posts"}],"about":[{"href":"https:\/\/www.caririemacao.com\/1\/wp-json\/wp\/v2\/types\/post"}],"author":[{"embeddable":true,"href":"https:\/\/www.caririemacao.com\/1\/wp-json\/wp\/v2\/users\/1"}],"replies":[{"embeddable":true,"href":"https:\/\/www.caririemacao.com\/1\/wp-json\/wp\/v2\/comments?post=131791"}],"version-history":[{"count":1,"href":"https:\/\/www.caririemacao.com\/1\/wp-json\/wp\/v2\/posts\/131791\/revisions"}],"predecessor-version":[{"id":131793,"href":"https:\/\/www.caririemacao.com\/1\/wp-json\/wp\/v2\/posts\/131791\/revisions\/131793"}],"wp:featuredmedia":[{"embeddable":true,"href":"https:\/\/www.caririemacao.com\/1\/wp-json\/wp\/v2\/media\/131792"}],"wp:attachment":[{"href":"https:\/\/www.caririemacao.com\/1\/wp-json\/wp\/v2\/media?parent=131791"}],"wp:term":[{"taxonomy":"category","embeddable":true,"href":"https:\/\/www.caririemacao.com\/1\/wp-json\/wp\/v2\/categories?post=131791"},{"taxonomy":"post_tag","embeddable":true,"href":"https:\/\/www.caririemacao.com\/1\/wp-json\/wp\/v2\/tags?post=131791"}],"curies":[{"name":"wp","href":"https:\/\/api.w.org\/{rel}","templated":true}]}}