{"id":131795,"date":"2019-11-01T01:36:30","date_gmt":"2019-11-01T04:36:30","guid":{"rendered":"http:\/\/www.caririemacao.com\/1\/?p=131795"},"modified":"2019-10-31T19:37:59","modified_gmt":"2019-10-31T22:37:59","slug":"maia-vai-decidir-sobre-cpi-do-vazamento-de-oleo-ate-segunda-feira","status":"publish","type":"post","link":"https:\/\/www.caririemacao.com\/1\/2019\/11\/01\/maia-vai-decidir-sobre-cpi-do-vazamento-de-oleo-ate-segunda-feira\/","title":{"rendered":"Maia vai decidir sobre CPI do vazamento de \u00f3leo at\u00e9 segunda-feira"},"content":{"rendered":"\n<p>O presidente da C\u00e2mara dos Deputados, Rodrigo Maia, disse hoje (31), em S\u00e3o Paulo, que decidir\u00e1 at\u00e9 segunda-feira (4) sobre a instala\u00e7\u00e3o de uma Comiss\u00e3o Parlamentar de Inqu\u00e9rito (CPI) sobre o vazamento de \u00f3leo no Nordeste. O autor do pedido \u00e9 o deputado Jo\u00e3o H. Campos (PSB-PE). Na semana passada, o requerimento foi apresentado \u00e0 Secretaria Geral da Mesa da C\u00e2mara com a assinatura de 250 deputados.<\/p>\n\n\n\n<p>\u201cAcho que a C\u00e2mara pode colaborar nesse debate. A proposta j\u00e1 est\u00e1 apresentada. At\u00e9 segunda-feira (4) eu vou decidir\u201d, disse Maia, ap\u00f3s participar de um debate no Sindimais, evento sobre sindicalismo e mercado de trabalho.<\/p>\n\n\n\n<h2 class=\"wp-block-heading\">CPI propositiva<\/h2>\n\n\n\n<p>Para o presidente da C\u00e2mara, \u00e9 importante que a comiss\u00e3o tenha uma pauta propositiva. \u201cSendo um instrumento de apoio, de ajuda, para construir o debate junto com o governo, n\u00e3o apenas para organizar o que aconteceu e o que o Estado brasileiro pode ter errado nas respostas quando o \u00f3leo apareceu. Mas tamb\u00e9m construir as solu\u00e7\u00f5es para o futuro. Ser\u00e1 que essa estrutura da \u00e1rea de meio ambiente \u00e9 correta ou n\u00e3o \u00e9 correta? \u00c9 suficiente ou n\u00e3o \u00e9 suficiente?\u201d, enumerou as poss\u00edveis abordagens.<\/p>\n\n\n\n<figure class=\"wp-block-image\"><img decoding=\"async\" data-src=\"http:\/\/imagens.ebc.com.br\/25bDVuUfZ_-qsNsLyHVgqxWk4JE=\/754x0\/smart\/http:\/\/agenciabrasil.ebc.com.br\/sites\/default\/files\/thumbnails\/image\/mcmgo_abr_03091921977.jpg?itok=NQ3jEYzF\" alt=\"O presidente da C\u00e2mara, Rodrigo Maia, durante caf\u00e9 da manh\u00e3 com parlamentares na Confedera\u00e7\u00e3o da Agricultura e Agropecu\u00e1ria do Brasil. \" src=\"data:image\/svg+xml;base64,PHN2ZyB3aWR0aD0iMSIgaGVpZ2h0PSIxIiB4bWxucz0iaHR0cDovL3d3dy53My5vcmcvMjAwMC9zdmciPjwvc3ZnPg==\" class=\"lazyload\" \/><\/figure>\n\n\n\n<h6 class=\"wp-block-heading\">Rodrigo Maia disse que o pa\u00eds sofre com problemas ambientais que precisam ser analisados de uma nova forma&nbsp;&nbsp;&nbsp;&nbsp;<strong>(Arquivo\/Marcelo Camargo\/Ag\u00eancia Brasil)<\/strong><\/h6>\n\n\n\n<p>Rodrigo Maia lembrou que o pa\u00eds sofre com problemas ambientais recorrentes que precisam ser analisados de uma nova forma. \u201cN\u00f3s temos n\u00e3o apenas desse governo, mas de muitos anos, as queimadas no Brasil acontecendo e a gente n\u00e3o consegue ter um sistema de controle eficiente. Precisa melhorar? Nas \u00e1guas, agora, no nosso litoral, a nossa estrutura \u00e9 condizente com o que a gente precisa ter para quem vive desse litoral? Imagina a perda para a economia do Nordeste com esse \u00f3leo nos pr\u00f3ximos meses\u201d, exemplificou.<\/p>\n\n\n\n<h2 class=\"wp-block-heading\">Disputa pol\u00edtica<\/h2>\n\n\n\n<p>\u00c9 necess\u00e1rio, no entanto, evitar, na opini\u00e3o do presidente da C\u00e2mara, que a CPI se torne um espa\u00e7o de disputa pol\u00edtico-partid\u00e1ria. \u201cO que a gente n\u00e3o pode \u00e9 transformar a CPI em uma disputa do governo federal com seus advers\u00e1rios no Nordeste. Porque os governadores no Nordeste s\u00e3o basicamente de oposi\u00e7\u00e3o ao governo federal. S\u00f3 esse cuidado que a gente precisa ter\u201d, ponderou.<\/p>\n\n\n\n<h2 class=\"wp-block-heading\">Desastre<\/h2>\n\n\n\n<p>As manchas de \u00f3leo cru come\u00e7aram a aparecer no litoral nordestino no fim de agosto. At\u00e9 o momento, o \u00f3leo j\u00e1 atingiu 254 localidades de nove estados da regi\u00e3o. Os trabalhos de conten\u00e7\u00e3o da polui\u00e7\u00e3o j\u00e1 recolheram mais de mil toneladas do produto, numa extens\u00e3o de 2,5 mil quil\u00f4metros.<\/p>\n\n\n\n<p>A origem do vazamento ainda n\u00e3o foi identificada. A Marinha investiga atualmente 10 navios que poderiam ter sido respons\u00e1veis pelo derramamento de \u00f3leo.<\/p>\n","protected":false},"excerpt":{"rendered":"<p>O presidente da C\u00e2mara dos Deputados, Rodrigo Maia, disse hoje (31), em S\u00e3o Paulo, que decidir\u00e1 at\u00e9 segunda-feira (4) sobre a instala\u00e7\u00e3o de uma Comiss\u00e3o&hellip; <\/p>\n","protected":false},"author":1,"featured_media":131796,"comment_status":"closed","ping_status":"closed","sticky":false,"template":"","format":"standard","meta":{"sfsi_plus_gutenberg_text_before_share":"","sfsi_plus_gutenberg_show_text_before_share":"","sfsi_plus_gutenberg_icon_type":"","sfsi_plus_gutenberg_icon_alignemt":"","sfsi_plus_gutenburg_max_per_row":"","footnotes":""},"categories":[11],"tags":[],"class_list":["post-131795","post","type-post","status-publish","format-standard","has-post-thumbnail","hentry","category-politica"],"_links":{"self":[{"href":"https:\/\/www.caririemacao.com\/1\/wp-json\/wp\/v2\/posts\/131795","targetHints":{"allow":["GET"]}}],"collection":[{"href":"https:\/\/www.caririemacao.com\/1\/wp-json\/wp\/v2\/posts"}],"about":[{"href":"https:\/\/www.caririemacao.com\/1\/wp-json\/wp\/v2\/types\/post"}],"author":[{"embeddable":true,"href":"https:\/\/www.caririemacao.com\/1\/wp-json\/wp\/v2\/users\/1"}],"replies":[{"embeddable":true,"href":"https:\/\/www.caririemacao.com\/1\/wp-json\/wp\/v2\/comments?post=131795"}],"version-history":[{"count":1,"href":"https:\/\/www.caririemacao.com\/1\/wp-json\/wp\/v2\/posts\/131795\/revisions"}],"predecessor-version":[{"id":131797,"href":"https:\/\/www.caririemacao.com\/1\/wp-json\/wp\/v2\/posts\/131795\/revisions\/131797"}],"wp:featuredmedia":[{"embeddable":true,"href":"https:\/\/www.caririemacao.com\/1\/wp-json\/wp\/v2\/media\/131796"}],"wp:attachment":[{"href":"https:\/\/www.caririemacao.com\/1\/wp-json\/wp\/v2\/media?parent=131795"}],"wp:term":[{"taxonomy":"category","embeddable":true,"href":"https:\/\/www.caririemacao.com\/1\/wp-json\/wp\/v2\/categories?post=131795"},{"taxonomy":"post_tag","embeddable":true,"href":"https:\/\/www.caririemacao.com\/1\/wp-json\/wp\/v2\/tags?post=131795"}],"curies":[{"name":"wp","href":"https:\/\/api.w.org\/{rel}","templated":true}]}}