{"id":131799,"date":"2019-11-01T00:38:07","date_gmt":"2019-11-01T03:38:07","guid":{"rendered":"http:\/\/www.caririemacao.com\/1\/?p=131799"},"modified":"2019-10-31T19:40:29","modified_gmt":"2019-10-31T22:40:29","slug":"secretaria-municipal-de-assistencia-social-da-prata-presente-na-conferencia-regional-de-seguranca-alimentar-e-nutricional","status":"publish","type":"post","link":"https:\/\/www.caririemacao.com\/1\/2019\/11\/01\/secretaria-municipal-de-assistencia-social-da-prata-presente-na-conferencia-regional-de-seguranca-alimentar-e-nutricional\/","title":{"rendered":"Secretaria Municipal de Assist\u00eancia Social da Prata presente na Confer\u00eancia Regional de Seguran\u00e7a Alimentar e Nutricional"},"content":{"rendered":"\n<p>Nesta Quinta-feira dia 31 de Outubro,  a Equipe T\u00e9cnica da Secretaria Municipal de Assist\u00eancia Social de Prata, esteve presente na Confer\u00eancia Regional de Seguran\u00e7a Alimentar e Nutricional na cidade de Sum\u00e9 &#8211; PB, o momento foi de grande import\u00e2ncia para o Munic\u00edpio, pois contou com orienta\u00e7\u00f5es v\u00e1lidas em prol do bom funcionamento e edifica\u00e7\u00e3o do assunto no munic\u00edpio, a Confer\u00eancia tinha como tema &#8220;Soberania e Seguran\u00e7a Alimentar e nutricional: Direito de todas e todos&#8221;.<\/p>\n","protected":false},"excerpt":{"rendered":"<p>Nesta Quinta-feira dia 31 de Outubro, a Equipe T\u00e9cnica da Secretaria Municipal de Assist\u00eancia Social de Prata, esteve presente na Confer\u00eancia Regional de Seguran\u00e7a Alimentar&hellip; <\/p>\n","protected":false},"author":1,"featured_media":131800,"comment_status":"closed","ping_status":"closed","sticky":false,"template":"","format":"standard","meta":{"sfsi_plus_gutenberg_text_before_share":"","sfsi_plus_gutenberg_show_text_before_share":"","sfsi_plus_gutenberg_icon_type":"","sfsi_plus_gutenberg_icon_alignemt":"","sfsi_plus_gutenburg_max_per_row":"","footnotes":""},"categories":[6],"tags":[],"class_list":["post-131799","post","type-post","status-publish","format-standard","has-post-thumbnail","hentry","category-cidades"],"_links":{"self":[{"href":"https:\/\/www.caririemacao.com\/1\/wp-json\/wp\/v2\/posts\/131799","targetHints":{"allow":["GET"]}}],"collection":[{"href":"https:\/\/www.caririemacao.com\/1\/wp-json\/wp\/v2\/posts"}],"about":[{"href":"https:\/\/www.caririemacao.com\/1\/wp-json\/wp\/v2\/types\/post"}],"author":[{"embeddable":true,"href":"https:\/\/www.caririemacao.com\/1\/wp-json\/wp\/v2\/users\/1"}],"replies":[{"embeddable":true,"href":"https:\/\/www.caririemacao.com\/1\/wp-json\/wp\/v2\/comments?post=131799"}],"version-history":[{"count":1,"href":"https:\/\/www.caririemacao.com\/1\/wp-json\/wp\/v2\/posts\/131799\/revisions"}],"predecessor-version":[{"id":131801,"href":"https:\/\/www.caririemacao.com\/1\/wp-json\/wp\/v2\/posts\/131799\/revisions\/131801"}],"wp:featuredmedia":[{"embeddable":true,"href":"https:\/\/www.caririemacao.com\/1\/wp-json\/wp\/v2\/media\/131800"}],"wp:attachment":[{"href":"https:\/\/www.caririemacao.com\/1\/wp-json\/wp\/v2\/media?parent=131799"}],"wp:term":[{"taxonomy":"category","embeddable":true,"href":"https:\/\/www.caririemacao.com\/1\/wp-json\/wp\/v2\/categories?post=131799"},{"taxonomy":"post_tag","embeddable":true,"href":"https:\/\/www.caririemacao.com\/1\/wp-json\/wp\/v2\/tags?post=131799"}],"curies":[{"name":"wp","href":"https:\/\/api.w.org\/{rel}","templated":true}]}}