{"id":131807,"date":"2019-11-01T07:09:12","date_gmt":"2019-11-01T10:09:12","guid":{"rendered":"http:\/\/www.caririemacao.com\/1\/?p=131807"},"modified":"2019-11-01T07:09:12","modified_gmt":"2019-11-01T10:09:12","slug":"prefeitura-de-sao-jose-dos-cordeiros-promove-palestra-motivacional-para-professores-e-equipe-pedagogica","status":"publish","type":"post","link":"https:\/\/www.caririemacao.com\/1\/2019\/11\/01\/prefeitura-de-sao-jose-dos-cordeiros-promove-palestra-motivacional-para-professores-e-equipe-pedagogica\/","title":{"rendered":"Prefeitura de S\u00e3o Jos\u00e9 dos Cordeiros promove palestra motivacional para professores e equipe pedag\u00f3gica"},"content":{"rendered":"\n<p>O Dia do Professor foi lembrado pela Prefeitura de S\u00e3o Jos\u00e9 dos Cordeiros e recebeu uma homenagem a altura de sua import\u00e2ncia. A Secretaria de Educa\u00e7\u00e3o promoveu uma palestra motivacional com o jornalista campinense e di\u00e1cono Anchieta Ara\u00fajo com o tema: \u201cQual o sentido de sua vida?\u201d.<\/p>\n\n\n\n<div class=\"wp-block-image\"><figure class=\"alignright\"><img decoding=\"async\" data-src=\"http:\/\/deolhonocariri.com.br\/wp-content\/uploads\/2019\/10\/76747438_1181344235390922_7195647577604227072_n-600x450.jpg\" alt=\"\" class=\"wp-image-73627 lazyload\" src=\"data:image\/svg+xml;base64,PHN2ZyB3aWR0aD0iMSIgaGVpZ2h0PSIxIiB4bWxucz0iaHR0cDovL3d3dy53My5vcmcvMjAwMC9zdmciPjwvc3ZnPg==\" style=\"--smush-placeholder-width: 600px; --smush-placeholder-aspect-ratio: 600\/450;\" \/><\/figure><\/div>\n\n\n\n<p>O jornalista \u00e9 natural de S\u00e3o Jos\u00e9 dos Cordeiros e se destacou na imprensa estadual com atua\u00e7\u00f5es em importantes ve\u00edculos de Campina Grande, tendo sido ainda o respons\u00e1vel pela funda\u00e7\u00e3o da TV Assembleia. Anchieta hoje dirige e \u00e9 apresentador da TV Itarar\u00e9 e recentemente assumiu a miss\u00e3o de ser di\u00e1cono da Diocese de Campina Grande.<\/p>\n\n\n\n<p>A palestra reuniu cerca de 40 profissionais na sede da Secretaria de Educa\u00e7\u00e3o e foi um momento rico de troca de experi\u00eancias. A Secretaria de Educa\u00e7\u00e3o ainda distribuiu brindes com os professores e o evento contou com a participa\u00e7\u00e3o do prefeito Jefferson Roberto.<\/p>\n\n\n\n<p>Para a secret\u00e1ria de educa\u00e7\u00e3o, Fl\u00e1via Dowsley, o evento foi importante e um espa\u00e7o de crescimento profissional e confraterniza\u00e7\u00e3o entre os profissionais que fazem a educa\u00e7\u00e3o de S\u00e3o Jos\u00e9 dos Cordeiros.<\/p>\n\n\n\n<p>O prefeito Jefferson Roberto fez ainda um agradecimento especial aos educadores cordeirenses: \u201cQueremos render nossa homenagem e principalmente nossa gratid\u00e3o aos professores, que tanto se dedicam para ofertar um ensino de qualidade no munic\u00edpio. \u00c9 por suas m\u00e3os que estamos construindo uma cidade mais pr\u00f3spera e melhor de se viver\u201d.<\/p>\n","protected":false},"excerpt":{"rendered":"<p>O Dia do Professor foi lembrado pela Prefeitura de S\u00e3o Jos\u00e9 dos Cordeiros e recebeu uma homenagem a altura de sua import\u00e2ncia. A Secretaria de&hellip; <\/p>\n","protected":false},"author":1,"featured_media":131809,"comment_status":"closed","ping_status":"closed","sticky":false,"template":"","format":"standard","meta":{"sfsi_plus_gutenberg_text_before_share":"","sfsi_plus_gutenberg_show_text_before_share":"","sfsi_plus_gutenberg_icon_type":"","sfsi_plus_gutenberg_icon_alignemt":"","sfsi_plus_gutenburg_max_per_row":"","footnotes":""},"categories":[2],"tags":[],"class_list":["post-131807","post","type-post","status-publish","format-standard","has-post-thumbnail","hentry","category-geral"],"_links":{"self":[{"href":"https:\/\/www.caririemacao.com\/1\/wp-json\/wp\/v2\/posts\/131807","targetHints":{"allow":["GET"]}}],"collection":[{"href":"https:\/\/www.caririemacao.com\/1\/wp-json\/wp\/v2\/posts"}],"about":[{"href":"https:\/\/www.caririemacao.com\/1\/wp-json\/wp\/v2\/types\/post"}],"author":[{"embeddable":true,"href":"https:\/\/www.caririemacao.com\/1\/wp-json\/wp\/v2\/users\/1"}],"replies":[{"embeddable":true,"href":"https:\/\/www.caririemacao.com\/1\/wp-json\/wp\/v2\/comments?post=131807"}],"version-history":[{"count":1,"href":"https:\/\/www.caririemacao.com\/1\/wp-json\/wp\/v2\/posts\/131807\/revisions"}],"predecessor-version":[{"id":131810,"href":"https:\/\/www.caririemacao.com\/1\/wp-json\/wp\/v2\/posts\/131807\/revisions\/131810"}],"wp:featuredmedia":[{"embeddable":true,"href":"https:\/\/www.caririemacao.com\/1\/wp-json\/wp\/v2\/media\/131809"}],"wp:attachment":[{"href":"https:\/\/www.caririemacao.com\/1\/wp-json\/wp\/v2\/media?parent=131807"}],"wp:term":[{"taxonomy":"category","embeddable":true,"href":"https:\/\/www.caririemacao.com\/1\/wp-json\/wp\/v2\/categories?post=131807"},{"taxonomy":"post_tag","embeddable":true,"href":"https:\/\/www.caririemacao.com\/1\/wp-json\/wp\/v2\/tags?post=131807"}],"curies":[{"name":"wp","href":"https:\/\/api.w.org\/{rel}","templated":true}]}}