{"id":131835,"date":"2019-11-01T07:18:41","date_gmt":"2019-11-01T10:18:41","guid":{"rendered":"http:\/\/www.caririemacao.com\/1\/?p=131835"},"modified":"2019-11-01T07:18:41","modified_gmt":"2019-11-01T10:18:41","slug":"governo-federal-reconhece-situacao-de-emergencia-devido-a-estiagem-em-177-municipios-paraibanos","status":"publish","type":"post","link":"https:\/\/www.caririemacao.com\/1\/2019\/11\/01\/governo-federal-reconhece-situacao-de-emergencia-devido-a-estiagem-em-177-municipios-paraibanos\/","title":{"rendered":"Governo Federal reconhece situa\u00e7\u00e3o de emerg\u00eancia devido a estiagem em 177 munic\u00edpios paraibanos"},"content":{"rendered":"\n<p>O Governo Federal publicou nesta sexta-feira (1\u00b0), no Di\u00e1rio Oficial da Uni\u00e3o que reconhece o estado de emerg\u00eancia em 176 munic\u00edpios paraibanos em decorr\u00eancia da estiagem na regi\u00e3o.&nbsp;<\/p>\n\n\n\n<p><a href=\"http:\/\/www.in.gov.br\/web\/dou\/-\/portaria-n-2.550-de-29-de-outubro-de-2019-224954606\">Confira a publica\u00e7\u00e3o<\/a><\/p>\n\n\n\n<p>O reconhecimento veio por meio do Minist\u00e9rio do Desenvolvimento Regional, considerando o Decreto n\u00b0 39.531, de 30 de setembro de 2019 do Governo da Para\u00edba, atrav\u00e9s do governador Jo\u00e3o Azev\u00eado.&nbsp;&nbsp;<\/p>\n\n\n\n<p>Confira os munic\u00edpios<\/p>\n\n\n\n<figure class=\"wp-block-image\"><img decoding=\"async\" data-src=\"https:\/\/www.clickpb.com.br\/media\/filer_public\/07\/96\/0796e638-cb88-4343-a871-97795c03c0d2\/mun1.png\" alt=\"\" src=\"data:image\/svg+xml;base64,PHN2ZyB3aWR0aD0iMSIgaGVpZ2h0PSIxIiB4bWxucz0iaHR0cDovL3d3dy53My5vcmcvMjAwMC9zdmciPjwvc3ZnPg==\" class=\"lazyload\" \/><\/figure>\n\n\n\n<figure class=\"wp-block-image\"><img decoding=\"async\" data-src=\"https:\/\/www.clickpb.com.br\/media\/filer_public\/04\/42\/04424454-3efa-404c-bd8d-b64e212b1a68\/mun2.png\" alt=\"\" src=\"data:image\/svg+xml;base64,PHN2ZyB3aWR0aD0iMSIgaGVpZ2h0PSIxIiB4bWxucz0iaHR0cDovL3d3dy53My5vcmcvMjAwMC9zdmciPjwvc3ZnPg==\" class=\"lazyload\" \/><\/figure>\n\n\n\n<figure class=\"wp-block-image\"><img decoding=\"async\" data-src=\"https:\/\/www.clickpb.com.br\/media\/filer_public\/48\/2f\/482f6d6e-8bf7-46f3-b9d4-7f58450f9923\/mun3.png\" alt=\"\" src=\"data:image\/svg+xml;base64,PHN2ZyB3aWR0aD0iMSIgaGVpZ2h0PSIxIiB4bWxucz0iaHR0cDovL3d3dy53My5vcmcvMjAwMC9zdmciPjwvc3ZnPg==\" class=\"lazyload\" \/><\/figure>\n\n\n\n<figure class=\"wp-block-image\"><img decoding=\"async\" data-src=\"https:\/\/www.clickpb.com.br\/media\/filer_public\/f4\/3b\/f43b5f5b-3e5d-43d4-a340-f9d23126e0ec\/mun4.png\" alt=\"\" src=\"data:image\/svg+xml;base64,PHN2ZyB3aWR0aD0iMSIgaGVpZ2h0PSIxIiB4bWxucz0iaHR0cDovL3d3dy53My5vcmcvMjAwMC9zdmciPjwvc3ZnPg==\" class=\"lazyload\" \/><\/figure>\n\n\n\n<figure class=\"wp-block-image\"><img decoding=\"async\" data-src=\"https:\/\/www.clickpb.com.br\/media\/filer_public\/0d\/8c\/0d8c3aa7-ea5b-4896-83d2-8d7905617d47\/mun5.png\" alt=\"\" src=\"data:image\/svg+xml;base64,PHN2ZyB3aWR0aD0iMSIgaGVpZ2h0PSIxIiB4bWxucz0iaHR0cDovL3d3dy53My5vcmcvMjAwMC9zdmciPjwvc3ZnPg==\" class=\"lazyload\" \/><\/figure>\n\n\n\n<figure class=\"wp-block-image\"><img decoding=\"async\" data-src=\"https:\/\/www.clickpb.com.br\/media\/filer_public\/7d\/4c\/7d4c7516-f51c-40fe-b8f0-c219b6ed33f8\/mun6.png\" alt=\"\" src=\"data:image\/svg+xml;base64,PHN2ZyB3aWR0aD0iMSIgaGVpZ2h0PSIxIiB4bWxucz0iaHR0cDovL3d3dy53My5vcmcvMjAwMC9zdmciPjwvc3ZnPg==\" class=\"lazyload\" \/><\/figure>\n\n\n\n<figure class=\"wp-block-image\"><img decoding=\"async\" data-src=\"https:\/\/www.clickpb.com.br\/media\/filer_public\/1d\/3b\/1d3b1082-2970-463b-a8f2-429caeb0709e\/mun7.png\" alt=\"\" src=\"data:image\/svg+xml;base64,PHN2ZyB3aWR0aD0iMSIgaGVpZ2h0PSIxIiB4bWxucz0iaHR0cDovL3d3dy53My5vcmcvMjAwMC9zdmciPjwvc3ZnPg==\" class=\"lazyload\" \/><\/figure>\n","protected":false},"excerpt":{"rendered":"<p>O Governo Federal publicou nesta sexta-feira (1\u00b0), no Di\u00e1rio Oficial da Uni\u00e3o que reconhece o estado de emerg\u00eancia em 176 munic\u00edpios paraibanos em decorr\u00eancia da&hellip; <\/p>\n","protected":false},"author":1,"featured_media":131838,"comment_status":"closed","ping_status":"closed","sticky":false,"template":"","format":"standard","meta":{"sfsi_plus_gutenberg_text_before_share":"","sfsi_plus_gutenberg_show_text_before_share":"","sfsi_plus_gutenberg_icon_type":"","sfsi_plus_gutenberg_icon_alignemt":"","sfsi_plus_gutenburg_max_per_row":"","footnotes":""},"categories":[6],"tags":[],"class_list":["post-131835","post","type-post","status-publish","format-standard","has-post-thumbnail","hentry","category-cidades"],"_links":{"self":[{"href":"https:\/\/www.caririemacao.com\/1\/wp-json\/wp\/v2\/posts\/131835","targetHints":{"allow":["GET"]}}],"collection":[{"href":"https:\/\/www.caririemacao.com\/1\/wp-json\/wp\/v2\/posts"}],"about":[{"href":"https:\/\/www.caririemacao.com\/1\/wp-json\/wp\/v2\/types\/post"}],"author":[{"embeddable":true,"href":"https:\/\/www.caririemacao.com\/1\/wp-json\/wp\/v2\/users\/1"}],"replies":[{"embeddable":true,"href":"https:\/\/www.caririemacao.com\/1\/wp-json\/wp\/v2\/comments?post=131835"}],"version-history":[{"count":1,"href":"https:\/\/www.caririemacao.com\/1\/wp-json\/wp\/v2\/posts\/131835\/revisions"}],"predecessor-version":[{"id":131839,"href":"https:\/\/www.caririemacao.com\/1\/wp-json\/wp\/v2\/posts\/131835\/revisions\/131839"}],"wp:featuredmedia":[{"embeddable":true,"href":"https:\/\/www.caririemacao.com\/1\/wp-json\/wp\/v2\/media\/131838"}],"wp:attachment":[{"href":"https:\/\/www.caririemacao.com\/1\/wp-json\/wp\/v2\/media?parent=131835"}],"wp:term":[{"taxonomy":"category","embeddable":true,"href":"https:\/\/www.caririemacao.com\/1\/wp-json\/wp\/v2\/categories?post=131835"},{"taxonomy":"post_tag","embeddable":true,"href":"https:\/\/www.caririemacao.com\/1\/wp-json\/wp\/v2\/tags?post=131835"}],"curies":[{"name":"wp","href":"https:\/\/api.w.org\/{rel}","templated":true}]}}